{"id":8297,"date":"2026-02-11T08:45:28","date_gmt":"2026-02-11T07:45:28","guid":{"rendered":"https:\/\/canmauri.com\/?p=8297"},"modified":"2026-03-11T09:29:31","modified_gmt":"2026-03-11T08:29:31","slug":"la-tradicio-gastronomica-que-reuneix-persones-i-empreses-al-voltant-del-foc","status":"publish","type":"post","link":"https:\/\/canmauri.com\/ca\/la-tradicio-gastronomica-que-reuneix-persones-i-empreses-al-voltant-del-foc\/","title":{"rendered":"La tradici\u00f3 gastron\u00f2mica que reuneix persones i empreses al voltant del foc"},"content":{"rendered":"<h2 style=\"text-align: justify;\" data-start=\"497\" data-end=\"570\">Experi\u00e8ncies aut\u00e8ntiques al voltant de la cal\u00e7otada en entorns naturals<\/h2>\n<p data-start=\"379\" data-end=\"881\">La gastronomia catalana \u00e9s molt m\u00e9s que una simple manera d\u2019alimentar-se: \u00e9s una manera de compartir cultura, tradici\u00f3 i moments especials al voltant de la taula. Entre totes les celebracions culin\u00e0ries que formen part d\u2019aquesta identitat, la cal\u00e7otada ocupa un lloc privilegiat. Cada temporada, quan arriba l\u2019hivern i comencen els primers mesos de l\u2019any, aquesta tradici\u00f3 reuneix fam\u00edlies, amics i empreses al voltant d\u2019una experi\u00e8ncia gastron\u00f2mica \u00fanica que combina producte local, foc i conviv\u00e8ncia.<\/p>\n<p data-start=\"883\" data-end=\"1280\">En aquest context, gaudir d\u2019una <a href=\"https:\/\/canmauri.com\/calcotada-en-polinya\"><strong data-start=\"915\" data-end=\"939\">cal\u00e7otada en Poliny\u00e0<\/strong><\/a> s\u2019ha convertit en una opci\u00f3 cada vegada m\u00e9s valorada per aquells que busquen una experi\u00e8ncia aut\u00e8ntica a prop de Barcelona. No es tracta \u00fanicament de degustar cal\u00e7ots acabats de fer a la brasa, sin\u00f3 de viure un moment social que connecta amb les arrels de la cuina catalana i amb el plaer de compartir un \u00e0pat llarg, relaxat i ple de sabor.<\/p>\n<p data-start=\"1282\" data-end=\"1513\">Les masies i espais rurals han sabut mantenir viva aquesta tradici\u00f3 adaptant-la a les necessitats actuals, oferint entorns naturals, men\u00fas complets i serveis pensats tant per a celebracions privades com per a trobades corporatives.<\/p>\n<p data-start=\"1157\" data-end=\"1714\"><img decoding=\"async\" class=\"wp-image-8329 size-full aligncenter lazyload\" data-src=\"https:\/\/canmauri.com\/wp-content\/uploads\/2026\/03\/Calcots-2.png\" alt=\"\" width=\"1200\" height=\"750\" data-srcset=\"https:\/\/canmauri.com\/wp-content\/uploads\/2026\/03\/Calcots-2.png 1200w, https:\/\/canmauri.com\/wp-content\/uploads\/2026\/03\/Calcots-2-300x188.png 300w, https:\/\/canmauri.com\/wp-content\/uploads\/2026\/03\/Calcots-2-1024x640.png 1024w, https:\/\/canmauri.com\/wp-content\/uploads\/2026\/03\/Calcots-2-768x480.png 768w, https:\/\/canmauri.com\/wp-content\/uploads\/2026\/03\/Calcots-2-320x200.png 320w\" data-sizes=\"(max-width: 1200px) 100vw, 1200px\" src=\"data:image\/svg+xml;base64,PHN2ZyB3aWR0aD0iMSIgaGVpZ2h0PSIxIiB4bWxucz0iaHR0cDovL3d3dy53My5vcmcvMjAwMC9zdmciPjwvc3ZnPg==\" style=\"--smush-placeholder-width: 1200px; --smush-placeholder-aspect-ratio: 1200\/750;\" \/><\/p>\n<h2 style=\"text-align: justify;\" data-start=\"1748\" data-end=\"1824\">Una tradici\u00f3 gastron\u00f2mica que transcendeix generacions<\/h2>\n<p data-start=\"1579\" data-end=\"1846\">La cal\u00e7otada \u00e9s una de les celebracions culin\u00e0ries m\u00e9s emblem\u00e0tiques de Catalunya. El seu origen es remunta al m\u00f3n rural, quan agricultors i fam\u00edlies aprofitaven la temporada dels cal\u00e7ots per reunir-se al voltant del foc i compartir un \u00e0pat senzill per\u00f2 ple de sabor.<\/p>\n<p data-start=\"1848\" data-end=\"2242\">Amb el pas del temps, aquesta tradici\u00f3 ha evolucionat fins a convertir-se en una aut\u00e8ntica experi\u00e8ncia gastron\u00f2mica. Avui dia, organitzar una <a href=\"https:\/\/canmauri.com\/calcotada-en-polinya\"><strong data-start=\"1990\" data-end=\"2014\">cal\u00e7otada <\/strong><\/a>significa molt m\u00e9s que preparar cal\u00e7ots a la brasa: implica gaudir d\u2019un men\u00fa complet que acostuma a incloure carns a la brasa, botifarres, xai, guarnicions tradicionals i, per descomptat, la cl\u00e0ssica salsa romesco o salvitxada.<\/p>\n<p data-start=\"2244\" data-end=\"2536\">Aquesta combinaci\u00f3 de sabors i rituals \u2014des d\u2019asar els cal\u00e7ots directament sobre les brases fins a menjar-los amb les mans\u2014 converteix la cal\u00e7otada en una experi\u00e8ncia participativa i propera. L\u2019ambient relaxat i festiu fa que cada \u00e0pat es transformi en un moment memorable per als assistents.<\/p>\n<h2 style=\"text-align: justify;\" data-start=\"2780\" data-end=\"2826\">Espais naturals per gaudir de la gastronomia catalana<\/h2>\n<p data-start=\"2601\" data-end=\"2878\">Un dels aspectes que m\u00e9s valoren aquells que organitzen aquest tipus de trobades \u00e9s l\u2019entorn en qu\u00e8 es desenvolupa l\u2019experi\u00e8ncia. Les masies situades en entorns naturals ofereixen l\u2019escenari perfecte per gaudir d\u2019una cal\u00e7otada amb calma, lluny del ritme accelerat de la ciutat.<\/p>\n<p data-start=\"2880\" data-end=\"3157\">Celebrar una <strong data-start=\"2893\" data-end=\"2917\">cal\u00e7otada en Poliny\u00e0<\/strong> permet combinar la proximitat amb Barcelona amb la tranquil\u00b7litat d\u2019un entorn rural. Aquest equilibri resulta ideal tant per a reunions familiars com per a trobades entre amics o esdeveniments corporatius que busquen un ambient m\u00e9s dist\u00e8s.<\/p>\n<p data-start=\"3159\" data-end=\"3561\">Els espais exteriors, terrasses i patis de les masies permeten organitzar \u00e0pats a l\u2019aire lliure durant els mesos de temporada, creant una atmosfera acollidora en qu\u00e8 la gastronomia es converteix en l\u2019eix de l\u2019experi\u00e8ncia. A m\u00e9s, el contacte amb la natura aporta un valor afegit que molts assistents agraeixen, especialment quan es tracta d\u2019esdeveniments que busquen fomentar la connexi\u00f3 entre persones.<\/p>\n<h3 style=\"text-align: justify;\" data-start=\"3703\" data-end=\"3752\">La cal\u00e7otada com a experi\u00e8ncia per a esdeveniments i celebracions<\/h3>\n<p data-start=\"3638\" data-end=\"3942\">En els darrers anys, la cal\u00e7otada tamb\u00e9 s\u2019ha consolidat com una proposta ideal per a esdeveniments corporatius i celebracions especials. Empreses de diferents sectors descobreixen que organitzar una <strong data-start=\"3837\" data-end=\"3861\">Cal\u00e7otada en Poliny\u00e0<\/strong> pot ser una excel\u00b7lent manera de reunir equips en un ambient relaxat i aut\u00e8ntic.<\/p>\n<p data-start=\"3944\" data-end=\"4272\">A difer\u00e8ncia de les trobades formals en restaurants urbans, aquest tipus d\u2019experi\u00e8ncies gastron\u00f2miques afavoreixen la interacci\u00f3 entre els assistents. Compartir la preparaci\u00f3 dels cal\u00e7ots, brindar amb vi o cava i allargar la sobretaula crea un ambient de proximitat que facilita la comunicaci\u00f3 i refor\u00e7a les relacions personals.<\/p>\n<p data-start=\"4274\" data-end=\"4587\">Per aquest motiu, cada vegada m\u00e9s empreses opten per aquest format per organitzar jornades de team building, reunions informals o celebracions corporatives. La combinaci\u00f3 de gastronomia tradicional i entorn natural genera una experi\u00e8ncia diferent que trenca amb la rutina habitual dels esdeveniments empresarials.<\/p>\n<p data-start=\"3753\" data-end=\"4579\"><img decoding=\"async\" class=\"wp-image-8331 size-full aligncenter lazyload\" data-src=\"https:\/\/canmauri.com\/wp-content\/uploads\/2026\/03\/Calcots-3.png\" alt=\"\" width=\"1200\" height=\"750\" data-srcset=\"https:\/\/canmauri.com\/wp-content\/uploads\/2026\/03\/Calcots-3.png 1200w, https:\/\/canmauri.com\/wp-content\/uploads\/2026\/03\/Calcots-3-300x188.png 300w, https:\/\/canmauri.com\/wp-content\/uploads\/2026\/03\/Calcots-3-1024x640.png 1024w, https:\/\/canmauri.com\/wp-content\/uploads\/2026\/03\/Calcots-3-768x480.png 768w, https:\/\/canmauri.com\/wp-content\/uploads\/2026\/03\/Calcots-3-320x200.png 320w\" data-sizes=\"(max-width: 1200px) 100vw, 1200px\" src=\"data:image\/svg+xml;base64,PHN2ZyB3aWR0aD0iMSIgaGVpZ2h0PSIxIiB4bWxucz0iaHR0cDovL3d3dy53My5vcmcvMjAwMC9zdmciPjwvc3ZnPg==\" style=\"--smush-placeholder-width: 1200px; --smush-placeholder-aspect-ratio: 1200\/750;\" \/><\/p>\n<h2 style=\"text-align: justify;\" data-start=\"4613\" data-end=\"4669\">Gastronomia de temporada i producte de proximitat<\/h2>\n<p data-start=\"4648\" data-end=\"4955\">Un altre dels elements clau de la cal\u00e7otada \u00e9s la seva vinculaci\u00f3 amb la cuina de temporada i el producte local. Els cal\u00e7ots es cultiven durant mesos fins a assolir el punt ideal per ser collits i cuinats a la brasa, fet que converteix aquesta tradici\u00f3 en una celebraci\u00f3 profundament vinculada al territori.<\/p>\n<p data-start=\"4957\" data-end=\"5247\">Gaudir d\u2019una <a href=\"https:\/\/canmauri.com\/calcotada-en-polinya\"><strong data-start=\"4970\" data-end=\"4994\">cal\u00e7otada en Poliny\u00e0<\/strong><\/a> significa apostar per una gastronomia basada en ingredients frescos i de proximitat. Les carns a la brasa, les verdures de temporada i les salses elaborades amb receptes tradicionals formen part d\u2019un men\u00fa que reflecteix l\u2019ess\u00e8ncia de la cuina catalana.<\/p>\n<p data-start=\"5249\" data-end=\"5582\">Aquesta filosofia gastron\u00f2mica no nom\u00e9s garanteix qualitat i sabor, sin\u00f3 que tamb\u00e9 contribueix a preservar les tradicions culin\u00e0ries i a donar suport als productors locals. En un moment en qu\u00e8 cada vegada m\u00e9s persones valoren la sostenibilitat i l\u2019origen dels aliments, aquest enfocament adquireix un significat encara m\u00e9s important.<\/p>\n<p data-start=\"4670\" data-end=\"5360\"><img decoding=\"async\" class=\"wp-image-8335 size-full aligncenter lazyload\" data-src=\"https:\/\/canmauri.com\/wp-content\/uploads\/2026\/03\/Calcots-5.png\" alt=\"\" width=\"1200\" height=\"750\" data-srcset=\"https:\/\/canmauri.com\/wp-content\/uploads\/2026\/03\/Calcots-5.png 1200w, https:\/\/canmauri.com\/wp-content\/uploads\/2026\/03\/Calcots-5-300x188.png 300w, https:\/\/canmauri.com\/wp-content\/uploads\/2026\/03\/Calcots-5-1024x640.png 1024w, https:\/\/canmauri.com\/wp-content\/uploads\/2026\/03\/Calcots-5-768x480.png 768w, https:\/\/canmauri.com\/wp-content\/uploads\/2026\/03\/Calcots-5-320x200.png 320w\" data-sizes=\"(max-width: 1200px) 100vw, 1200px\" src=\"data:image\/svg+xml;base64,PHN2ZyB3aWR0aD0iMSIgaGVpZ2h0PSIxIiB4bWxucz0iaHR0cDovL3d3dy53My5vcmcvMjAwMC9zdmciPjwvc3ZnPg==\" style=\"--smush-placeholder-width: 1200px; --smush-placeholder-aspect-ratio: 1200\/750;\" \/><\/p>\n<h2 style=\"text-align: justify;\" data-start=\"5394\" data-end=\"5474\">Un ritual gastron\u00f2mic que convida a gaudir sense presses<\/h2>\n<p data-start=\"5650\" data-end=\"5886\">Un dels trets m\u00e9s caracter\u00edstics de la cal\u00e7otada \u00e9s el seu ritme pausat. A difer\u00e8ncia d\u2019altres \u00e0pats m\u00e9s r\u00e0pids, aquesta celebraci\u00f3 es viu amb calma, dedicant temps tant a la preparaci\u00f3 dels aliments com a la conversa i a la sobretaula.<\/p>\n<p data-start=\"5888\" data-end=\"6178\">L\u2019experi\u00e8ncia comen\u00e7a amb l\u2019aroma dels cal\u00e7ots rostint-se sobre les brases i continua amb el ritual de pelar-los, sucar-los amb salsa i degustar-los en bona companyia. Despr\u00e9s arriben les carns a la brasa i les postres tradicionals, acompanyades de vins o caves que completen l\u2019experi\u00e8ncia.<\/p>\n<p data-start=\"6180\" data-end=\"6500\">Per tot aix\u00f2, organitzar una <strong data-start=\"6209\" data-end=\"6233\">cal\u00e7otada <\/strong>es converteix en una oportunitat perfecta per desconnectar del dia a dia i gaudir d\u2019un moment compartit. Aquest tipus de trobades conviden a deixar de banda les presses i a centrar-se en all\u00f2 realment important: la companyia, la conversa i el plaer de la bona taula.<\/p>\n","protected":false},"excerpt":{"rendered":"<p>Experi\u00e8ncies aut\u00e8ntiques al voltant de la cal\u00e7otada en entorns naturals La gastronomia catalana \u00e9s molt m\u00e9s que una simple manera d\u2019alimentar-se: \u00e9s una manera de compartir cultura, tradici\u00f3 i moments especials al voltant de la taula. Entre totes les celebracions culin\u00e0ries que formen part d\u2019aquesta identitat, la cal\u00e7otada ocupa un lloc privilegiat. Cada temporada, quan arriba l\u2019hivern i comencen els<\/p>\n<div class=\"h10\"><\/div>\n<p><a class=\"more-link1\" href=\"https:\/\/canmauri.com\/ca\/la-tradicio-gastronomica-que-reuneix-persones-i-empreses-al-voltant-del-foc\/\">Read more<\/a><\/p>\n","protected":false},"author":7,"featured_media":8337,"comment_status":"closed","ping_status":"closed","sticky":false,"template":"","format":"standard","meta":{"_vp_format_video_url":"","_vp_image_focal_point":[],"footnotes":""},"categories":[376,383,4],"tags":[374,377],"class_list":["post-8297","post","type-post","status-publish","format-standard","has-post-thumbnail","hentry","category-masia-per-a-esdeveniments-2","category-restaurante-de-calcots-en-polinya-2","category-sense-categoria","tag-masia-per-a-esdeveniments","tag-masia-per-a-esdeveniments-3"],"yoast_head":"<!-- This site is optimized with the Yoast SEO plugin v26.2 - https:\/\/yoast.com\/wordpress\/plugins\/seo\/ -->\n<title>La millor masia per a esdeveniments \u00e9s Can Mauri<\/title>\n<meta name=\"description\" content=\"Propostes gastron\u00f2miques a Can Mauri per als tota mena d&#039;esdeveniments, desde propostes corporatives a celebracions o bodes.\" \/>\n<meta name=\"robots\" content=\"index, follow, max-snippet:-1, max-image-preview:large, max-video-preview:-1\" \/>\n<link rel=\"canonical\" href=\"https:\/\/canmauri.com\/ca\/la-tradicio-gastronomica-que-reuneix-persones-i-empreses-al-voltant-del-foc\/\" \/>\n<meta property=\"og:locale\" content=\"ca_ES\" \/>\n<meta property=\"og:type\" content=\"article\" \/>\n<meta property=\"og:title\" content=\"La millor masia per a esdeveniments \u00e9s Can Mauri\" \/>\n<meta property=\"og:description\" content=\"Propostes gastron\u00f2miques a Can Mauri per als tota mena d&#039;esdeveniments, desde propostes corporatives a celebracions o bodes.\" \/>\n<meta property=\"og:url\" content=\"https:\/\/canmauri.com\/ca\/la-tradicio-gastronomica-que-reuneix-persones-i-empreses-al-voltant-del-foc\/\" \/>\n<meta property=\"og:site_name\" content=\"Can Mauri\" \/>\n<meta property=\"article:published_time\" content=\"2026-02-11T07:45:28+00:00\" \/>\n<meta property=\"article:modified_time\" content=\"2026-03-11T08:29:31+00:00\" \/>\n<meta property=\"og:image\" content=\"https:\/\/canmauri.com\/wp-content\/uploads\/2026\/03\/Calcots.png\" \/>\n\t<meta property=\"og:image:width\" content=\"1200\" \/>\n\t<meta property=\"og:image:height\" content=\"750\" \/>\n\t<meta property=\"og:image:type\" content=\"image\/png\" \/>\n<meta name=\"author\" content=\"Administradores\" \/>\n<meta name=\"twitter:card\" content=\"summary_large_image\" \/>\n<meta name=\"twitter:label1\" content=\"Escrit per\" \/>\n\t<meta name=\"twitter:data1\" content=\"Administradores\" \/>\n\t<meta name=\"twitter:label2\" content=\"Temps estimat de lectura\" \/>\n\t<meta name=\"twitter:data2\" content=\"6 minuts\" \/>\n<script type=\"application\/ld+json\" class=\"yoast-schema-graph\">{\"@context\":\"https:\/\/schema.org\",\"@graph\":[{\"@type\":\"WebPage\",\"@id\":\"https:\/\/canmauri.com\/ca\/la-tradicio-gastronomica-que-reuneix-persones-i-empreses-al-voltant-del-foc\/\",\"url\":\"https:\/\/canmauri.com\/ca\/la-tradicio-gastronomica-que-reuneix-persones-i-empreses-al-voltant-del-foc\/\",\"name\":\"La millor masia per a esdeveniments \u00e9s Can Mauri\",\"isPartOf\":{\"@id\":\"https:\/\/canmauri.com\/#website\"},\"primaryImageOfPage\":{\"@id\":\"https:\/\/canmauri.com\/ca\/la-tradicio-gastronomica-que-reuneix-persones-i-empreses-al-voltant-del-foc\/#primaryimage\"},\"image\":{\"@id\":\"https:\/\/canmauri.com\/ca\/la-tradicio-gastronomica-que-reuneix-persones-i-empreses-al-voltant-del-foc\/#primaryimage\"},\"thumbnailUrl\":\"https:\/\/canmauri.com\/wp-content\/uploads\/2026\/03\/Calcots.png\",\"datePublished\":\"2026-02-11T07:45:28+00:00\",\"dateModified\":\"2026-03-11T08:29:31+00:00\",\"author\":{\"@id\":\"https:\/\/canmauri.com\/#\/schema\/person\/8baffb7080a77a162a8a5f95372b69bd\"},\"description\":\"Propostes gastron\u00f2miques a Can Mauri per als tota mena d'esdeveniments, desde propostes corporatives a celebracions o bodes.\",\"breadcrumb\":{\"@id\":\"https:\/\/canmauri.com\/ca\/la-tradicio-gastronomica-que-reuneix-persones-i-empreses-al-voltant-del-foc\/#breadcrumb\"},\"inLanguage\":\"ca\",\"potentialAction\":[{\"@type\":\"ReadAction\",\"target\":[\"https:\/\/canmauri.com\/ca\/la-tradicio-gastronomica-que-reuneix-persones-i-empreses-al-voltant-del-foc\/\"]}]},{\"@type\":\"ImageObject\",\"inLanguage\":\"ca\",\"@id\":\"https:\/\/canmauri.com\/ca\/la-tradicio-gastronomica-que-reuneix-persones-i-empreses-al-voltant-del-foc\/#primaryimage\",\"url\":\"https:\/\/canmauri.com\/wp-content\/uploads\/2026\/03\/Calcots.png\",\"contentUrl\":\"https:\/\/canmauri.com\/wp-content\/uploads\/2026\/03\/Calcots.png\",\"width\":1200,\"height\":750},{\"@type\":\"BreadcrumbList\",\"@id\":\"https:\/\/canmauri.com\/ca\/la-tradicio-gastronomica-que-reuneix-persones-i-empreses-al-voltant-del-foc\/#breadcrumb\",\"itemListElement\":[{\"@type\":\"ListItem\",\"position\":1,\"name\":\"Portada\",\"item\":\"https:\/\/canmauri.com\/ca\/\"},{\"@type\":\"ListItem\",\"position\":2,\"name\":\"La tradici\u00f3 gastron\u00f2mica que reuneix persones i empreses al voltant del foc\"}]},{\"@type\":\"WebSite\",\"@id\":\"https:\/\/canmauri.com\/#website\",\"url\":\"https:\/\/canmauri.com\/\",\"name\":\"Can Mauri\",\"description\":\"\",\"potentialAction\":[{\"@type\":\"SearchAction\",\"target\":{\"@type\":\"EntryPoint\",\"urlTemplate\":\"https:\/\/canmauri.com\/?s={search_term_string}\"},\"query-input\":{\"@type\":\"PropertyValueSpecification\",\"valueRequired\":true,\"valueName\":\"search_term_string\"}}],\"inLanguage\":\"ca\"},{\"@type\":\"Person\",\"@id\":\"https:\/\/canmauri.com\/#\/schema\/person\/8baffb7080a77a162a8a5f95372b69bd\",\"name\":\"Administradores\",\"image\":{\"@type\":\"ImageObject\",\"inLanguage\":\"ca\",\"@id\":\"https:\/\/canmauri.com\/#\/schema\/person\/image\/\",\"url\":\"https:\/\/secure.gravatar.com\/avatar\/74706914812c3b473b95a5253410b33d71c50bf5f0d5423532bc0afa617d4316?s=96&d=mm&r=g\",\"contentUrl\":\"https:\/\/secure.gravatar.com\/avatar\/74706914812c3b473b95a5253410b33d71c50bf5f0d5423532bc0afa617d4316?s=96&d=mm&r=g\",\"caption\":\"Administradores\"},\"url\":\"https:\/\/canmauri.com\/ca\/author\/administradores\/\"}]}<\/script>\n<!-- \/ Yoast SEO plugin. -->","yoast_head_json":{"title":"La millor masia per a esdeveniments \u00e9s Can Mauri","description":"Propostes gastron\u00f2miques a Can Mauri per als tota mena d'esdeveniments, desde propostes corporatives a celebracions o bodes.","robots":{"index":"index","follow":"follow","max-snippet":"max-snippet:-1","max-image-preview":"max-image-preview:large","max-video-preview":"max-video-preview:-1"},"canonical":"https:\/\/canmauri.com\/ca\/la-tradicio-gastronomica-que-reuneix-persones-i-empreses-al-voltant-del-foc\/","og_locale":"ca_ES","og_type":"article","og_title":"La millor masia per a esdeveniments \u00e9s Can Mauri","og_description":"Propostes gastron\u00f2miques a Can Mauri per als tota mena d'esdeveniments, desde propostes corporatives a celebracions o bodes.","og_url":"https:\/\/canmauri.com\/ca\/la-tradicio-gastronomica-que-reuneix-persones-i-empreses-al-voltant-del-foc\/","og_site_name":"Can Mauri","article_published_time":"2026-02-11T07:45:28+00:00","article_modified_time":"2026-03-11T08:29:31+00:00","og_image":[{"width":1200,"height":750,"url":"https:\/\/canmauri.com\/wp-content\/uploads\/2026\/03\/Calcots.png","type":"image\/png"}],"author":"Administradores","twitter_card":"summary_large_image","twitter_misc":{"Escrit per":"Administradores","Temps estimat de lectura":"6 minuts"},"schema":{"@context":"https:\/\/schema.org","@graph":[{"@type":"WebPage","@id":"https:\/\/canmauri.com\/ca\/la-tradicio-gastronomica-que-reuneix-persones-i-empreses-al-voltant-del-foc\/","url":"https:\/\/canmauri.com\/ca\/la-tradicio-gastronomica-que-reuneix-persones-i-empreses-al-voltant-del-foc\/","name":"La millor masia per a esdeveniments \u00e9s Can Mauri","isPartOf":{"@id":"https:\/\/canmauri.com\/#website"},"primaryImageOfPage":{"@id":"https:\/\/canmauri.com\/ca\/la-tradicio-gastronomica-que-reuneix-persones-i-empreses-al-voltant-del-foc\/#primaryimage"},"image":{"@id":"https:\/\/canmauri.com\/ca\/la-tradicio-gastronomica-que-reuneix-persones-i-empreses-al-voltant-del-foc\/#primaryimage"},"thumbnailUrl":"https:\/\/canmauri.com\/wp-content\/uploads\/2026\/03\/Calcots.png","datePublished":"2026-02-11T07:45:28+00:00","dateModified":"2026-03-11T08:29:31+00:00","author":{"@id":"https:\/\/canmauri.com\/#\/schema\/person\/8baffb7080a77a162a8a5f95372b69bd"},"description":"Propostes gastron\u00f2miques a Can Mauri per als tota mena d'esdeveniments, desde propostes corporatives a celebracions o bodes.","breadcrumb":{"@id":"https:\/\/canmauri.com\/ca\/la-tradicio-gastronomica-que-reuneix-persones-i-empreses-al-voltant-del-foc\/#breadcrumb"},"inLanguage":"ca","potentialAction":[{"@type":"ReadAction","target":["https:\/\/canmauri.com\/ca\/la-tradicio-gastronomica-que-reuneix-persones-i-empreses-al-voltant-del-foc\/"]}]},{"@type":"ImageObject","inLanguage":"ca","@id":"https:\/\/canmauri.com\/ca\/la-tradicio-gastronomica-que-reuneix-persones-i-empreses-al-voltant-del-foc\/#primaryimage","url":"https:\/\/canmauri.com\/wp-content\/uploads\/2026\/03\/Calcots.png","contentUrl":"https:\/\/canmauri.com\/wp-content\/uploads\/2026\/03\/Calcots.png","width":1200,"height":750},{"@type":"BreadcrumbList","@id":"https:\/\/canmauri.com\/ca\/la-tradicio-gastronomica-que-reuneix-persones-i-empreses-al-voltant-del-foc\/#breadcrumb","itemListElement":[{"@type":"ListItem","position":1,"name":"Portada","item":"https:\/\/canmauri.com\/ca\/"},{"@type":"ListItem","position":2,"name":"La tradici\u00f3 gastron\u00f2mica que reuneix persones i empreses al voltant del foc"}]},{"@type":"WebSite","@id":"https:\/\/canmauri.com\/#website","url":"https:\/\/canmauri.com\/","name":"Can Mauri","description":"","potentialAction":[{"@type":"SearchAction","target":{"@type":"EntryPoint","urlTemplate":"https:\/\/canmauri.com\/?s={search_term_string}"},"query-input":{"@type":"PropertyValueSpecification","valueRequired":true,"valueName":"search_term_string"}}],"inLanguage":"ca"},{"@type":"Person","@id":"https:\/\/canmauri.com\/#\/schema\/person\/8baffb7080a77a162a8a5f95372b69bd","name":"Administradores","image":{"@type":"ImageObject","inLanguage":"ca","@id":"https:\/\/canmauri.com\/#\/schema\/person\/image\/","url":"https:\/\/secure.gravatar.com\/avatar\/74706914812c3b473b95a5253410b33d71c50bf5f0d5423532bc0afa617d4316?s=96&d=mm&r=g","contentUrl":"https:\/\/secure.gravatar.com\/avatar\/74706914812c3b473b95a5253410b33d71c50bf5f0d5423532bc0afa617d4316?s=96&d=mm&r=g","caption":"Administradores"},"url":"https:\/\/canmauri.com\/ca\/author\/administradores\/"}]}},"_links":{"self":[{"href":"https:\/\/canmauri.com\/ca\/wp-json\/wp\/v2\/posts\/8297","targetHints":{"allow":["GET"]}}],"collection":[{"href":"https:\/\/canmauri.com\/ca\/wp-json\/wp\/v2\/posts"}],"about":[{"href":"https:\/\/canmauri.com\/ca\/wp-json\/wp\/v2\/types\/post"}],"author":[{"embeddable":true,"href":"https:\/\/canmauri.com\/ca\/wp-json\/wp\/v2\/users\/7"}],"replies":[{"embeddable":true,"href":"https:\/\/canmauri.com\/ca\/wp-json\/wp\/v2\/comments?post=8297"}],"version-history":[{"count":1,"href":"https:\/\/canmauri.com\/ca\/wp-json\/wp\/v2\/posts\/8297\/revisions"}],"predecessor-version":[{"id":8348,"href":"https:\/\/canmauri.com\/ca\/wp-json\/wp\/v2\/posts\/8297\/revisions\/8348"}],"wp:featuredmedia":[{"embeddable":true,"href":"https:\/\/canmauri.com\/ca\/wp-json\/wp\/v2\/media\/8337"}],"wp:attachment":[{"href":"https:\/\/canmauri.com\/ca\/wp-json\/wp\/v2\/media?parent=8297"}],"wp:term":[{"taxonomy":"category","embeddable":true,"href":"https:\/\/canmauri.com\/ca\/wp-json\/wp\/v2\/categories?post=8297"},{"taxonomy":"post_tag","embeddable":true,"href":"https:\/\/canmauri.com\/ca\/wp-json\/wp\/v2\/tags?post=8297"}],"curies":[{"name":"wp","href":"https:\/\/api.w.org\/{rel}","templated":true}]}}