{"id":8222,"date":"2026-01-27T10:45:20","date_gmt":"2026-01-27T09:45:20","guid":{"rendered":"https:\/\/canmauri.com\/?p=8222"},"modified":"2026-01-27T10:45:20","modified_gmt":"2026-01-27T09:45:20","slug":"busques-un-menu-personalitzat-per-al-teu-esdeveniment-empresarial","status":"publish","type":"post","link":"https:\/\/canmauri.com\/ca\/busques-un-menu-personalitzat-per-al-teu-esdeveniment-empresarial\/","title":{"rendered":"Busques un men\u00fa personalitzat per al teu esdeveniment empresarial?"},"content":{"rendered":"<h2 style=\"text-align: justify;\" data-start=\"497\" data-end=\"570\">Solucions gastron\u00f2miques per a empreses i celebracions corporatives<\/h2>\n<p style=\"text-align: justify;\" data-start=\"571\" data-end=\"1155\">Al cor rural de Poliny\u00e0, a nom\u00e9s uns minuts de Barcelona, la nostra <a href=\"https:\/\/canmauri.com\/ca\/restaurant-per-a-esdeveniments-a-sabadell\/\"><strong>masia per a esdeveniments<\/strong><\/a> ha sabut convertir la tradici\u00f3 en innovaci\u00f3 per celebrar moments especials. Amb m\u00e9s d\u2019una d\u00e8cada d\u2019experi\u00e8ncia en la celebraci\u00f3 de tot tipus d\u2019esdeveniments, ens hem convertit en molt m\u00e9s que un lloc per a reunions empresarials o festes familiars. Can Mauri s\u2019ha consolidat com a refer\u00e8ncia com a masia per celebrar esdeveniments, amb men\u00fas personalitzats aix\u00ed com masia per a noces, especialment en aquells moments en qu\u00e8 la gastronomia i l\u2019entorn s\u00f3n el pilar d\u2019una experi\u00e8ncia memorable.<\/p>\n<p style=\"text-align: justify;\" data-start=\"1157\" data-end=\"1714\">Qui cerca <strong>masa per a esdeveniments<\/strong> corporatius o trobades de treball, troba a Can Mauri una proposta flexible i aut\u00e8ntica. La nostra masia es distingeix no nom\u00e9s per la varietat dels seus espais \u2014que inclouen sales amb piano, vistes panor\u00e0miques i patis exteriors perfectes per a activitats de grup\u2014 sin\u00f3 tamb\u00e9 per un enfocament gastron\u00f2mic adaptat a cada client. La nostra reputaci\u00f3 s\u2019ancora en la combinaci\u00f3 de cuina catalana i mediterr\u00e0nia, men\u00fas fets a mida i productes de proximitat que s\u2019ajusten tant a grans celebracions com a reunions m\u00e9s \u00edntimes.<\/p>\n<p data-start=\"1157\" data-end=\"1714\"><img decoding=\"async\" class=\"size-full wp-image-8214 aligncenter lazyload\" data-src=\"https:\/\/canmauri.com\/wp-content\/uploads\/2026\/01\/menu-para-eventos.jpg\" alt=\"men\u00fa para eventos\" width=\"1200\" height=\"750\" data-srcset=\"https:\/\/canmauri.com\/wp-content\/uploads\/2026\/01\/menu-para-eventos.jpg 1200w, https:\/\/canmauri.com\/wp-content\/uploads\/2026\/01\/menu-para-eventos-300x188.jpg 300w, https:\/\/canmauri.com\/wp-content\/uploads\/2026\/01\/menu-para-eventos-1024x640.jpg 1024w, https:\/\/canmauri.com\/wp-content\/uploads\/2026\/01\/menu-para-eventos-768x480.jpg 768w, https:\/\/canmauri.com\/wp-content\/uploads\/2026\/01\/menu-para-eventos-320x200.jpg 320w\" data-sizes=\"(max-width: 1200px) 100vw, 1200px\" src=\"data:image\/svg+xml;base64,PHN2ZyB3aWR0aD0iMSIgaGVpZ2h0PSIxIiB4bWxucz0iaHR0cDovL3d3dy53My5vcmcvMjAwMC9zdmciPjwvc3ZnPg==\" style=\"--smush-placeholder-width: 1200px; --smush-placeholder-aspect-ratio: 1200\/750;\" \/><\/p>\n<h2 style=\"text-align: justify;\" data-start=\"1748\" data-end=\"1824\">Can Mauri, una masia amb \u00e0nima per a reunions d\u2019empresa i celebracions<\/h2>\n<p style=\"text-align: justify;\" data-start=\"1825\" data-end=\"2263\">Escollir l\u2019escenari adequat per al teu esdeveniment corporatiu va molt m\u00e9s enll\u00e0 de reservar un espai. A Can Mauri, el valor resideix en com aconseguim transformar qualsevol jornada professional en una trobada singular, cuidant cada detall des de l\u2019ambientaci\u00f3 rural fins a la qualitat gastron\u00f2mica. L\u2019entorn natural permet desconnectar i connectar amb l\u2019equip, enfortir relacions i potenciar noves idees, en un ambient privat i exclusiu.<\/p>\n<p style=\"text-align: justify;\" data-start=\"2265\" data-end=\"2778\">Els nostres <a href=\"https:\/\/canmauri.com\/buscas-un-menu-personalizado-para-tu-evento-empresarial\/\">men\u00fas personalitzats<\/a> estan ideats per adaptar-se al ritme i les necessitats de cada empresa. Des de brunchs informals a la terrassa, fins a dinars de treball amb productes locals o experi\u00e8ncies gastron\u00f2miques completes per a reunions de negoci, Can Mauri respon amb propostes flexibles per a tot tipus d\u2019ocasions. M\u00e9s enll\u00e0 de la cuina tradicional, incorporem opcions vegetarianes, veganes i sense gluten, atenent les sensibilitats d\u2019equips diversos i enriquint-nos amb l\u2019aut\u00e8ntic sabor de la comarca.<\/p>\n<h2 style=\"text-align: justify;\" data-start=\"2780\" data-end=\"2826\">Solucions a mida per a empreses exigents<\/h2>\n<p style=\"text-align: justify;\" data-start=\"2827\" data-end=\"3216\">Can Mauri no nom\u00e9s adapta el men\u00fa, sin\u00f3 que construeix propostes espec\u00edfiques alineades amb els objectius de l\u2019esdeveniment. Per a jornades de networking o sessions de team building, l\u2019equip de la masia treballa colze a colze amb cada organitzador per assegurar que cada fase \u2014des de la recepci\u00f3 fins a la sobretaula\u2014 sigui una extensi\u00f3 de la marca, els valors i la identitat de l\u2019empresa.<\/p>\n<p style=\"text-align: justify;\" data-start=\"3218\" data-end=\"3701\">Incloem serveis complementaris com m\u00fasica en directe, activitats a l\u2019aire lliure, tallers culin\u00e0ris i suport t\u00e8cnic per a presentacions, aconseguint que qualsevol reuni\u00f3 adopti el format i el to adequat. Aquesta capacitat d\u2019adaptaci\u00f3 converteix Can Mauri en un aliat estrat\u00e8gic com a <strong>masia per a esdeveniments<\/strong>, apte per a empreses de totes les mides, des de startups fins a grans corporacions, en cerca d\u2019una masia per a reunions d\u2019empresa que ofereixi alguna cosa realment diferent.<\/p>\n<h3 style=\"text-align: justify;\" data-start=\"3703\" data-end=\"3752\">Gastronomia corporativa en entorns naturals<\/h3>\n<p style=\"text-align: justify;\" data-start=\"3753\" data-end=\"4579\">La cuina a Can Mauri es posa al servei de l\u2019experi\u00e8ncia, permetent triar entre men\u00fas cl\u00e0ssics catalans, propostes mediterr\u00e0nies, tem\u00e0tiques de temporada i plats exclusius ideats pel nostre xef. L\u2019\u00fas d\u2019ingredients frescos i locals no nom\u00e9s garanteix sabor i qualitat, sin\u00f3 que tamb\u00e9 refor\u00e7a el comprom\u00eds amb la sostenibilitat i el producte de proximitat, una tend\u00e8ncia cada cop m\u00e9s valorada per empreses i clients que busquen impactar positivament des de la seva celebraci\u00f3. A m\u00e9s, la flexibilitat per ajustar els horaris, adaptar la carta i preparar paquets especials (amb coffee breaks, berenars o sopars informals) permet cobrir tot l\u2019espectre de necessitats empresarials. Els espais oberts i les vistes naturals complementen l\u2019oferta, facilitant la realitzaci\u00f3 de din\u00e0miques i activitats que enriqueixin la jornada laboral.<\/p>\n<p data-start=\"3753\" data-end=\"4579\"><img decoding=\"async\" class=\"size-full wp-image-8216 aligncenter lazyload\" data-src=\"https:\/\/canmauri.com\/wp-content\/uploads\/2026\/01\/menu-para-eventos-1.jpg\" alt=\"men\u00fa para eventos\" width=\"1200\" height=\"750\" data-srcset=\"https:\/\/canmauri.com\/wp-content\/uploads\/2026\/01\/menu-para-eventos-1.jpg 1200w, https:\/\/canmauri.com\/wp-content\/uploads\/2026\/01\/menu-para-eventos-1-300x188.jpg 300w, https:\/\/canmauri.com\/wp-content\/uploads\/2026\/01\/menu-para-eventos-1-1024x640.jpg 1024w, https:\/\/canmauri.com\/wp-content\/uploads\/2026\/01\/menu-para-eventos-1-768x480.jpg 768w, https:\/\/canmauri.com\/wp-content\/uploads\/2026\/01\/menu-para-eventos-1-320x200.jpg 320w\" data-sizes=\"(max-width: 1200px) 100vw, 1200px\" src=\"data:image\/svg+xml;base64,PHN2ZyB3aWR0aD0iMSIgaGVpZ2h0PSIxIiB4bWxucz0iaHR0cDovL3d3dy53My5vcmcvMjAwMC9zdmciPjwvc3ZnPg==\" style=\"--smush-placeholder-width: 1200px; --smush-placeholder-aspect-ratio: 1200\/750;\" \/><\/p>\n<h2 style=\"text-align: justify;\" data-start=\"4613\" data-end=\"4669\">Un espai \u00fanic per enfortir equips i celebrar \u00e8xits<\/h2>\n<p style=\"text-align: justify;\" data-start=\"4670\" data-end=\"5360\">Can Mauri, amb la seva hist\u00f2ria, servei i entorn incomparable, eleva l\u2019experi\u00e8ncia corporativa a trav\u00e9s de propostes a mida que converteixen una simple reuni\u00f3 en un esdeveniment recordat per tots els assistents. A dia d\u2019avui, les empreses aposten per entorns naturals i privats per escapar del ritme urb\u00e0 i promoure la cohesi\u00f3 de l\u2019equip. La <strong>masia per a esdeveniments<\/strong> ofereix opcions per a tot tipus d\u2019activitats: des de jornades de formaci\u00f3, presentacions fins a celebracions i aniversaris empresarials. El tracte proper i personalitzat que caracteritza Can Mauri permet que cada empresa se senti protagonista i trobi l\u2019equilibri perfecte entre professionalitat, gastronomia i desconnexi\u00f3.<\/p>\n<p data-start=\"4670\" data-end=\"5360\"><img decoding=\"async\" class=\"size-full wp-image-8220 aligncenter lazyload\" data-src=\"https:\/\/canmauri.com\/wp-content\/uploads\/2026\/01\/menu-para-eventos-3.jpg\" alt=\"men\u00fa para eventos\" width=\"1200\" height=\"750\" data-srcset=\"https:\/\/canmauri.com\/wp-content\/uploads\/2026\/01\/menu-para-eventos-3.jpg 1200w, https:\/\/canmauri.com\/wp-content\/uploads\/2026\/01\/menu-para-eventos-3-300x188.jpg 300w, https:\/\/canmauri.com\/wp-content\/uploads\/2026\/01\/menu-para-eventos-3-1024x640.jpg 1024w, https:\/\/canmauri.com\/wp-content\/uploads\/2026\/01\/menu-para-eventos-3-768x480.jpg 768w, https:\/\/canmauri.com\/wp-content\/uploads\/2026\/01\/menu-para-eventos-3-320x200.jpg 320w\" data-sizes=\"(max-width: 1200px) 100vw, 1200px\" src=\"data:image\/svg+xml;base64,PHN2ZyB3aWR0aD0iMSIgaGVpZ2h0PSIxIiB4bWxucz0iaHR0cDovL3d3dy53My5vcmcvMjAwMC9zdmciPjwvc3ZnPg==\" style=\"--smush-placeholder-width: 1200px; --smush-placeholder-aspect-ratio: 1200\/750;\" \/><\/p>\n<h2 style=\"text-align: justify;\" data-start=\"5394\" data-end=\"5474\">Descobreix l\u2019opci\u00f3 que marcar\u00e0 la difer\u00e8ncia en el teu proper esdeveniment<\/h2>\n<p style=\"text-align: justify;\" data-start=\"5475\" data-end=\"5899\">Si busques una <a href=\"https:\/\/canmauri.com\/ca\/local-esdeveniments-familiars-polinya\/\"><strong>masia per a esdeveniments<\/strong> <\/a>a Barcelona que ofereixi men\u00fas personalitzats, atenci\u00f3 directa i versatilitat dins d\u2019un espai natural privilegiat, Can Mauri \u00e9s la resposta. Tant per a grans celebracions corporatives com per a reunions i esdeveniments de format redu\u00eft, l\u2019equip de la masia est\u00e0 preparat per ajudar-te a dissenyar una experi\u00e8ncia a la teva mida, en la qual la gastronomia i l\u2019entorn sumin valor real.<\/p>\n<p style=\"text-align: justify;\" data-start=\"5901\" data-end=\"6607\">T\u2019invitem a con\u00e8ixer tots els serveis de Can Mauri i a sol\u00b7licitar una proposta personalitzada segons les necessitats del teu equip. Explora altres p\u00e0gines del nostre lloc web per trobar inspiraci\u00f3 sobre com crear un esdeveniment corporatiu memorable, i posa\u2019t en contacte amb nosaltres per rebre assessorament directe i sense comprom\u00eds. La difer\u00e8ncia entre una reuni\u00f3 m\u00e9s i un esdeveniment veritablement especial est\u00e0 en els detalls, i Can Mauri sap com cuidar-los. Reafirmem el nostre comprom\u00eds d\u2019adaptar-nos a les teves prefer\u00e8ncies i a les tend\u00e8ncies del sector, posant a la teva disposici\u00f3 no nom\u00e9s un espai singular, sin\u00f3 tamb\u00e9 l\u2019experi\u00e8ncia i passi\u00f3 de qui ent\u00e9n que cada celebraci\u00f3 ha de ser \u00fanica.<\/p>\n","protected":false},"excerpt":{"rendered":"<p>Solucions gastron\u00f2miques per a empreses i celebracions corporatives Al cor rural de Poliny\u00e0, a nom\u00e9s uns minuts de Barcelona, la nostra masia per a esdeveniments ha sabut convertir la tradici\u00f3 en innovaci\u00f3 per celebrar moments especials. Amb m\u00e9s d\u2019una d\u00e8cada d\u2019experi\u00e8ncia en la celebraci\u00f3 de tot tipus d\u2019esdeveniments, ens hem convertit en molt m\u00e9s que un lloc per a reunions<\/p>\n<div class=\"h10\"><\/div>\n<p><a class=\"more-link1\" href=\"https:\/\/canmauri.com\/ca\/busques-un-menu-personalitzat-per-al-teu-esdeveniment-empresarial\/\">Read more<\/a><\/p>\n","protected":false},"author":7,"featured_media":8218,"comment_status":"closed","ping_status":"closed","sticky":false,"template":"","format":"standard","meta":{"_vp_format_video_url":"","_vp_image_focal_point":[],"footnotes":""},"categories":[373,4],"tags":[374],"class_list":["post-8222","post","type-post","status-publish","format-standard","has-post-thumbnail","hentry","category-masia-per-a-esdeveniments","category-sense-categoria","tag-masia-per-a-esdeveniments"],"yoast_head":"<!-- This site is optimized with the Yoast SEO plugin v26.2 - https:\/\/yoast.com\/wordpress\/plugins\/seo\/ -->\n<title>La millor masia per a esdeveniments \u00e9s Can Mauri<\/title>\n<meta name=\"description\" content=\"Propostes gastron\u00f2miques a Can Mauri per als tota mena d&#039;esdeveniments, desde propostes corporatives a celebracions o bodes.\" \/>\n<meta name=\"robots\" content=\"index, follow, max-snippet:-1, max-image-preview:large, max-video-preview:-1\" \/>\n<link rel=\"canonical\" href=\"https:\/\/canmauri.com\/ca\/busques-un-menu-personalitzat-per-al-teu-esdeveniment-empresarial\/\" \/>\n<meta property=\"og:locale\" content=\"ca_ES\" \/>\n<meta property=\"og:type\" content=\"article\" \/>\n<meta property=\"og:title\" content=\"La millor masia per a esdeveniments \u00e9s Can Mauri\" \/>\n<meta property=\"og:description\" content=\"Propostes gastron\u00f2miques a Can Mauri per als tota mena d&#039;esdeveniments, desde propostes corporatives a celebracions o bodes.\" \/>\n<meta property=\"og:url\" content=\"https:\/\/canmauri.com\/ca\/busques-un-menu-personalitzat-per-al-teu-esdeveniment-empresarial\/\" \/>\n<meta property=\"og:site_name\" content=\"Can Mauri\" \/>\n<meta property=\"article:published_time\" content=\"2026-01-27T09:45:20+00:00\" \/>\n<meta property=\"og:image\" content=\"https:\/\/canmauri.com\/wp-content\/uploads\/2026\/01\/menu-para-eventos-2.jpg\" \/>\n\t<meta property=\"og:image:width\" content=\"1200\" \/>\n\t<meta property=\"og:image:height\" content=\"750\" \/>\n\t<meta property=\"og:image:type\" content=\"image\/jpeg\" \/>\n<meta name=\"author\" content=\"Administradores\" \/>\n<meta name=\"twitter:card\" content=\"summary_large_image\" \/>\n<meta name=\"twitter:label1\" content=\"Escrit per\" \/>\n\t<meta name=\"twitter:data1\" content=\"Administradores\" \/>\n\t<meta name=\"twitter:label2\" content=\"Temps estimat de lectura\" \/>\n\t<meta name=\"twitter:data2\" content=\"6 minuts\" \/>\n<script type=\"application\/ld+json\" class=\"yoast-schema-graph\">{\"@context\":\"https:\/\/schema.org\",\"@graph\":[{\"@type\":\"WebPage\",\"@id\":\"https:\/\/canmauri.com\/ca\/busques-un-menu-personalitzat-per-al-teu-esdeveniment-empresarial\/\",\"url\":\"https:\/\/canmauri.com\/ca\/busques-un-menu-personalitzat-per-al-teu-esdeveniment-empresarial\/\",\"name\":\"La millor masia per a esdeveniments \u00e9s Can Mauri\",\"isPartOf\":{\"@id\":\"https:\/\/canmauri.com\/#website\"},\"primaryImageOfPage\":{\"@id\":\"https:\/\/canmauri.com\/ca\/busques-un-menu-personalitzat-per-al-teu-esdeveniment-empresarial\/#primaryimage\"},\"image\":{\"@id\":\"https:\/\/canmauri.com\/ca\/busques-un-menu-personalitzat-per-al-teu-esdeveniment-empresarial\/#primaryimage\"},\"thumbnailUrl\":\"https:\/\/canmauri.com\/wp-content\/uploads\/2026\/01\/menu-para-eventos-2.jpg\",\"datePublished\":\"2026-01-27T09:45:20+00:00\",\"author\":{\"@id\":\"https:\/\/canmauri.com\/#\/schema\/person\/8baffb7080a77a162a8a5f95372b69bd\"},\"description\":\"Propostes gastron\u00f2miques a Can Mauri per als tota mena d'esdeveniments, desde propostes corporatives a celebracions o bodes.\",\"breadcrumb\":{\"@id\":\"https:\/\/canmauri.com\/ca\/busques-un-menu-personalitzat-per-al-teu-esdeveniment-empresarial\/#breadcrumb\"},\"inLanguage\":\"ca\",\"potentialAction\":[{\"@type\":\"ReadAction\",\"target\":[\"https:\/\/canmauri.com\/ca\/busques-un-menu-personalitzat-per-al-teu-esdeveniment-empresarial\/\"]}]},{\"@type\":\"ImageObject\",\"inLanguage\":\"ca\",\"@id\":\"https:\/\/canmauri.com\/ca\/busques-un-menu-personalitzat-per-al-teu-esdeveniment-empresarial\/#primaryimage\",\"url\":\"https:\/\/canmauri.com\/wp-content\/uploads\/2026\/01\/menu-para-eventos-2.jpg\",\"contentUrl\":\"https:\/\/canmauri.com\/wp-content\/uploads\/2026\/01\/menu-para-eventos-2.jpg\",\"width\":1200,\"height\":750,\"caption\":\"men\u00fa para eventos\"},{\"@type\":\"BreadcrumbList\",\"@id\":\"https:\/\/canmauri.com\/ca\/busques-un-menu-personalitzat-per-al-teu-esdeveniment-empresarial\/#breadcrumb\",\"itemListElement\":[{\"@type\":\"ListItem\",\"position\":1,\"name\":\"Portada\",\"item\":\"https:\/\/canmauri.com\/ca\/\"},{\"@type\":\"ListItem\",\"position\":2,\"name\":\"Busques un men\u00fa personalitzat per al teu esdeveniment empresarial?\"}]},{\"@type\":\"WebSite\",\"@id\":\"https:\/\/canmauri.com\/#website\",\"url\":\"https:\/\/canmauri.com\/\",\"name\":\"Can Mauri\",\"description\":\"\",\"potentialAction\":[{\"@type\":\"SearchAction\",\"target\":{\"@type\":\"EntryPoint\",\"urlTemplate\":\"https:\/\/canmauri.com\/?s={search_term_string}\"},\"query-input\":{\"@type\":\"PropertyValueSpecification\",\"valueRequired\":true,\"valueName\":\"search_term_string\"}}],\"inLanguage\":\"ca\"},{\"@type\":\"Person\",\"@id\":\"https:\/\/canmauri.com\/#\/schema\/person\/8baffb7080a77a162a8a5f95372b69bd\",\"name\":\"Administradores\",\"image\":{\"@type\":\"ImageObject\",\"inLanguage\":\"ca\",\"@id\":\"https:\/\/canmauri.com\/#\/schema\/person\/image\/\",\"url\":\"https:\/\/secure.gravatar.com\/avatar\/74706914812c3b473b95a5253410b33d71c50bf5f0d5423532bc0afa617d4316?s=96&d=mm&r=g\",\"contentUrl\":\"https:\/\/secure.gravatar.com\/avatar\/74706914812c3b473b95a5253410b33d71c50bf5f0d5423532bc0afa617d4316?s=96&d=mm&r=g\",\"caption\":\"Administradores\"},\"url\":\"https:\/\/canmauri.com\/ca\/author\/administradores\/\"}]}<\/script>\n<!-- \/ Yoast SEO plugin. -->","yoast_head_json":{"title":"La millor masia per a esdeveniments \u00e9s Can Mauri","description":"Propostes gastron\u00f2miques a Can Mauri per als tota mena d'esdeveniments, desde propostes corporatives a celebracions o bodes.","robots":{"index":"index","follow":"follow","max-snippet":"max-snippet:-1","max-image-preview":"max-image-preview:large","max-video-preview":"max-video-preview:-1"},"canonical":"https:\/\/canmauri.com\/ca\/busques-un-menu-personalitzat-per-al-teu-esdeveniment-empresarial\/","og_locale":"ca_ES","og_type":"article","og_title":"La millor masia per a esdeveniments \u00e9s Can Mauri","og_description":"Propostes gastron\u00f2miques a Can Mauri per als tota mena d'esdeveniments, desde propostes corporatives a celebracions o bodes.","og_url":"https:\/\/canmauri.com\/ca\/busques-un-menu-personalitzat-per-al-teu-esdeveniment-empresarial\/","og_site_name":"Can Mauri","article_published_time":"2026-01-27T09:45:20+00:00","og_image":[{"width":1200,"height":750,"url":"https:\/\/canmauri.com\/wp-content\/uploads\/2026\/01\/menu-para-eventos-2.jpg","type":"image\/jpeg"}],"author":"Administradores","twitter_card":"summary_large_image","twitter_misc":{"Escrit per":"Administradores","Temps estimat de lectura":"6 minuts"},"schema":{"@context":"https:\/\/schema.org","@graph":[{"@type":"WebPage","@id":"https:\/\/canmauri.com\/ca\/busques-un-menu-personalitzat-per-al-teu-esdeveniment-empresarial\/","url":"https:\/\/canmauri.com\/ca\/busques-un-menu-personalitzat-per-al-teu-esdeveniment-empresarial\/","name":"La millor masia per a esdeveniments \u00e9s Can Mauri","isPartOf":{"@id":"https:\/\/canmauri.com\/#website"},"primaryImageOfPage":{"@id":"https:\/\/canmauri.com\/ca\/busques-un-menu-personalitzat-per-al-teu-esdeveniment-empresarial\/#primaryimage"},"image":{"@id":"https:\/\/canmauri.com\/ca\/busques-un-menu-personalitzat-per-al-teu-esdeveniment-empresarial\/#primaryimage"},"thumbnailUrl":"https:\/\/canmauri.com\/wp-content\/uploads\/2026\/01\/menu-para-eventos-2.jpg","datePublished":"2026-01-27T09:45:20+00:00","author":{"@id":"https:\/\/canmauri.com\/#\/schema\/person\/8baffb7080a77a162a8a5f95372b69bd"},"description":"Propostes gastron\u00f2miques a Can Mauri per als tota mena d'esdeveniments, desde propostes corporatives a celebracions o bodes.","breadcrumb":{"@id":"https:\/\/canmauri.com\/ca\/busques-un-menu-personalitzat-per-al-teu-esdeveniment-empresarial\/#breadcrumb"},"inLanguage":"ca","potentialAction":[{"@type":"ReadAction","target":["https:\/\/canmauri.com\/ca\/busques-un-menu-personalitzat-per-al-teu-esdeveniment-empresarial\/"]}]},{"@type":"ImageObject","inLanguage":"ca","@id":"https:\/\/canmauri.com\/ca\/busques-un-menu-personalitzat-per-al-teu-esdeveniment-empresarial\/#primaryimage","url":"https:\/\/canmauri.com\/wp-content\/uploads\/2026\/01\/menu-para-eventos-2.jpg","contentUrl":"https:\/\/canmauri.com\/wp-content\/uploads\/2026\/01\/menu-para-eventos-2.jpg","width":1200,"height":750,"caption":"men\u00fa para eventos"},{"@type":"BreadcrumbList","@id":"https:\/\/canmauri.com\/ca\/busques-un-menu-personalitzat-per-al-teu-esdeveniment-empresarial\/#breadcrumb","itemListElement":[{"@type":"ListItem","position":1,"name":"Portada","item":"https:\/\/canmauri.com\/ca\/"},{"@type":"ListItem","position":2,"name":"Busques un men\u00fa personalitzat per al teu esdeveniment empresarial?"}]},{"@type":"WebSite","@id":"https:\/\/canmauri.com\/#website","url":"https:\/\/canmauri.com\/","name":"Can Mauri","description":"","potentialAction":[{"@type":"SearchAction","target":{"@type":"EntryPoint","urlTemplate":"https:\/\/canmauri.com\/?s={search_term_string}"},"query-input":{"@type":"PropertyValueSpecification","valueRequired":true,"valueName":"search_term_string"}}],"inLanguage":"ca"},{"@type":"Person","@id":"https:\/\/canmauri.com\/#\/schema\/person\/8baffb7080a77a162a8a5f95372b69bd","name":"Administradores","image":{"@type":"ImageObject","inLanguage":"ca","@id":"https:\/\/canmauri.com\/#\/schema\/person\/image\/","url":"https:\/\/secure.gravatar.com\/avatar\/74706914812c3b473b95a5253410b33d71c50bf5f0d5423532bc0afa617d4316?s=96&d=mm&r=g","contentUrl":"https:\/\/secure.gravatar.com\/avatar\/74706914812c3b473b95a5253410b33d71c50bf5f0d5423532bc0afa617d4316?s=96&d=mm&r=g","caption":"Administradores"},"url":"https:\/\/canmauri.com\/ca\/author\/administradores\/"}]}},"_links":{"self":[{"href":"https:\/\/canmauri.com\/ca\/wp-json\/wp\/v2\/posts\/8222","targetHints":{"allow":["GET"]}}],"collection":[{"href":"https:\/\/canmauri.com\/ca\/wp-json\/wp\/v2\/posts"}],"about":[{"href":"https:\/\/canmauri.com\/ca\/wp-json\/wp\/v2\/types\/post"}],"author":[{"embeddable":true,"href":"https:\/\/canmauri.com\/ca\/wp-json\/wp\/v2\/users\/7"}],"replies":[{"embeddable":true,"href":"https:\/\/canmauri.com\/ca\/wp-json\/wp\/v2\/comments?post=8222"}],"version-history":[{"count":2,"href":"https:\/\/canmauri.com\/ca\/wp-json\/wp\/v2\/posts\/8222\/revisions"}],"predecessor-version":[{"id":8224,"href":"https:\/\/canmauri.com\/ca\/wp-json\/wp\/v2\/posts\/8222\/revisions\/8224"}],"wp:featuredmedia":[{"embeddable":true,"href":"https:\/\/canmauri.com\/ca\/wp-json\/wp\/v2\/media\/8218"}],"wp:attachment":[{"href":"https:\/\/canmauri.com\/ca\/wp-json\/wp\/v2\/media?parent=8222"}],"wp:term":[{"taxonomy":"category","embeddable":true,"href":"https:\/\/canmauri.com\/ca\/wp-json\/wp\/v2\/categories?post=8222"},{"taxonomy":"post_tag","embeddable":true,"href":"https:\/\/canmauri.com\/ca\/wp-json\/wp\/v2\/tags?post=8222"}],"curies":[{"name":"wp","href":"https:\/\/api.w.org\/{rel}","templated":true}]}}