{"id":7673,"date":"2022-12-13T10:40:35","date_gmt":"2022-12-13T10:40:35","guid":{"rendered":"https:\/\/canmauri.com\/por-que-no-debes-faltar-a-la-comida-empresa-en-sabadell\/"},"modified":"2025-06-23T12:01:38","modified_gmt":"2025-06-23T10:01:38","slug":"por-que-no-debes-faltar-a-la-comida-empresa-en-sabadell","status":"publish","type":"post","link":"https:\/\/canmauri.com\/ca\/por-que-no-debes-faltar-a-la-comida-empresa-en-sabadell\/","title":{"rendered":"Per qu\u00e8 no has de faltar al menjar d&#8217;empresa a Sabadell?"},"content":{"rendered":"<p>En el <a href=\"https:\/\/canmauri.com\/ca\/menu-empresa\/\"><strong>menjar d&#8217;empresa a Sabadell<\/strong><\/a> es destensa tot l&#8217;estr\u00e8s viscut durant els mesos previs i \u00e9s que, \u00e9s un moment ideal per a deixar de costat les exig\u00e8ncies, els rancors i les presses, per a gaudir de la faceta m\u00e9s relaxada, divertida i personal del teu equip de treball. En Can Mauri, pots trobar una gran varietat de men\u00fas per a gaudir del <strong>menjar d&#8217;empresa a Sabadell<\/strong>, des d&#8217;un men\u00fa d&#8217;empresa fins a un men\u00fa per a grups, un men\u00fa de Nadal o la nostra carta. Volem que puguis triar entre una \u00e0mplia gamma de propostes gastron\u00f2miques, amb les quals sorprendre&#8217;t i gaudir al m\u00e0xim d&#8217;aquesta vetllada.<\/p>\n<p>A m\u00e9s de la gran varietat de men\u00fas que trobar\u00e0s en Can Mauri, tamb\u00e9 podr\u00e0s triar entre un gran nombre d&#8217;espais i \u00e9s que disposem d&#8217;un entorn privilegiat.<\/p>\n<h2 style=\"text-align: justify;\">I si celebres el teu menjar d&#8217;empresa a Sabadell en un sal\u00f3 ple d&#8217;hist\u00f2ria?<\/h2>\n<p style=\"text-align: justify;\">Si vols que el teu <strong>menjar d&#8217;empresa a Sabadell<\/strong> sigui en un lloc memorable i amb tocs especials, una opci\u00f3 \u00e9s triar el nostre Sal\u00f3 Piano. Es tracta d&#8217;una sala acollidora, que compta amb un piano de fusta hist\u00f2ric i \u00fanic, que aconsegueix donar aquest toc especial a l&#8217;ambient. Un espai molt r\u00fastic i c\u00e0lid del nostre restaurant, amb bigues de fusta, que recull tot l&#8217;encant d&#8217;una de les sales m\u00e9s tradicionals de la Masia Restaurant Can Mauri. Per\u00f2 tenim molts llocs especials, com el Sal\u00f3 Pedra, que compta amb parets de pedra original i uns arcs a les portes i finestres, que aconseguiran traslladar-te als or\u00edgens de la nostra Masia.<\/p>\n<p><img decoding=\"async\" class=\"aligncenter wp-image-5321 size-full lazyload\" data-src=\"https:\/\/canmauri.com\/wp-content\/uploads\/2022\/03\/WhatsApp-Image-2021-03-12-at-16.14.07.jpeg\" alt=\"Gastronom\u00eda Can Mauri\" width=\"1600\" height=\"1066\" data-srcset=\"https:\/\/canmauri.com\/wp-content\/uploads\/2022\/03\/WhatsApp-Image-2021-03-12-at-16.14.07.jpeg 1600w, https:\/\/canmauri.com\/wp-content\/uploads\/2022\/03\/WhatsApp-Image-2021-03-12-at-16.14.07-300x200.jpeg 300w, https:\/\/canmauri.com\/wp-content\/uploads\/2022\/03\/WhatsApp-Image-2021-03-12-at-16.14.07-1024x682.jpeg 1024w, https:\/\/canmauri.com\/wp-content\/uploads\/2022\/03\/WhatsApp-Image-2021-03-12-at-16.14.07-768x512.jpeg 768w, https:\/\/canmauri.com\/wp-content\/uploads\/2022\/03\/WhatsApp-Image-2021-03-12-at-16.14.07-1536x1023.jpeg 1536w, https:\/\/canmauri.com\/wp-content\/uploads\/2022\/03\/WhatsApp-Image-2021-03-12-at-16.14.07-500x333.jpeg 500w, https:\/\/canmauri.com\/wp-content\/uploads\/2022\/03\/WhatsApp-Image-2021-03-12-at-16.14.07-800x533.jpeg 800w, https:\/\/canmauri.com\/wp-content\/uploads\/2022\/03\/WhatsApp-Image-2021-03-12-at-16.14.07-1280x853.jpeg 1280w\" data-sizes=\"(max-width: 1600px) 100vw, 1600px\" src=\"data:image\/svg+xml;base64,PHN2ZyB3aWR0aD0iMSIgaGVpZ2h0PSIxIiB4bWxucz0iaHR0cDovL3d3dy53My5vcmcvMjAwMC9zdmciPjwvc3ZnPg==\" style=\"--smush-placeholder-width: 1600px; --smush-placeholder-aspect-ratio: 1600\/1066;\" \/><\/p>\n<h2 style=\"text-align: justify;\">Despreocupa&#8217;t i gaudeix del menjar d&#8217;empresa a Sabadell<\/h2>\n<p>A m\u00e9s de passar-ho b\u00e9, podr\u00e0s deixar-te portar i oferir m\u00e9s versions de tu mateix que les que pots oferir mentre treballar. No haur\u00e0s d&#8217;estar sota pressi\u00f3 i aix\u00f2 et permetr\u00e0 entaular converses m\u00e9s llargues i disteses, al voltant d&#8217;una taula plena de propostes gastron\u00f2miques incre\u00efbles. \u00c9s un ambient fora del normal i et permetr\u00e0 alleujar l&#8217;estr\u00e8s amb el teu equip de treball i compartir bons moments amb ells.<\/p>\n<p>A partir del <strong>menjar d&#8217;empresa a Sabadell<\/strong>, es pot crear un h\u00e0bit per a fer trobades fora de l&#8217;oficina, amb l&#8217;objectiu de millorar la comunicaci\u00f3 interna de l&#8217;equip. Aquest tipus de trobades poden anar des d&#8217;un menjar o un sopar, fins a un un brunch o un simple caf\u00e8. Tenir un restaurant de refer\u00e8ncia, com a Can Mauri, \u00e9s important per a aconseguir el millor espai i la proposta gastron\u00f2mica m\u00e9s encertada en cadascuna de les teves celebracions o quedades de treball.<\/p>\n<p>Si busques un menjar d&#8217;empresa especial, confia en Can Mauri!<\/p>\n","protected":false},"excerpt":{"rendered":"<p>En el menjar d&#8217;empresa a Sabadell es destensa tot l&#8217;estr\u00e8s viscut durant els mesos previs i \u00e9s que, \u00e9s un moment ideal per a deixar de costat les exig\u00e8ncies, els rancors i les presses, per a gaudir de la faceta m\u00e9s relaxada, divertida i personal del teu equip de treball. En Can Mauri, pots trobar una gran varietat de men\u00fas<\/p>\n<div class=\"h10\"><\/div>\n<p><a class=\"more-link1\" href=\"https:\/\/canmauri.com\/ca\/por-que-no-debes-faltar-a-la-comida-empresa-en-sabadell\/\">Read more<\/a><\/p>\n","protected":false},"author":7,"featured_media":1046,"comment_status":"closed","ping_status":"closed","sticky":false,"template":"","format":"standard","meta":{"_vp_format_video_url":"","_vp_image_focal_point":[],"footnotes":""},"categories":[301,331,332,311,4],"tags":[333],"class_list":["post-7673","post","type-post","status-publish","format-standard","has-post-thumbnail","hentry","category-comida-de-empresa-ca","category-empresa-ca","category-fiestas-ca","category-noticias-ca","category-sense-categoria","tag-comida-de-empresa-sabadell-ca"],"yoast_head":"<!-- This site is optimized with the Yoast SEO plugin v26.2 - https:\/\/yoast.com\/wordpress\/plugins\/seo\/ -->\n<title>Per qu\u00e8 no has de faltar al menjar d&#039;empresa a Sabadell? - Can Mauri<\/title>\n<meta name=\"robots\" content=\"index, follow, max-snippet:-1, max-image-preview:large, max-video-preview:-1\" \/>\n<link rel=\"canonical\" href=\"https:\/\/canmauri.com\/ca\/por-que-no-debes-faltar-a-la-comida-empresa-en-sabadell\/\" \/>\n<meta property=\"og:locale\" content=\"ca_ES\" \/>\n<meta property=\"og:type\" content=\"article\" \/>\n<meta property=\"og:title\" content=\"Per qu\u00e8 no has de faltar al menjar d&#039;empresa a Sabadell? - Can Mauri\" \/>\n<meta property=\"og:description\" content=\"En el menjar d&#8217;empresa a Sabadell es destensa tot l&#8217;estr\u00e8s viscut durant els mesos previs i \u00e9s que, \u00e9s un moment ideal per a deixar de costat les exig\u00e8ncies, els rancors i les presses, per a gaudir de la faceta m\u00e9s relaxada, divertida i personal del teu equip de treball. En Can Mauri, pots trobar una gran varietat de men\u00fasRead more\" \/>\n<meta property=\"og:url\" content=\"https:\/\/canmauri.com\/ca\/por-que-no-debes-faltar-a-la-comida-empresa-en-sabadell\/\" \/>\n<meta property=\"og:site_name\" content=\"Can Mauri\" \/>\n<meta property=\"article:published_time\" content=\"2022-12-13T10:40:35+00:00\" \/>\n<meta property=\"article:modified_time\" content=\"2025-06-23T10:01:38+00:00\" \/>\n<meta property=\"og:image\" content=\"https:\/\/canmauri.com\/wp-content\/uploads\/2022\/02\/salones2.jpg\" \/>\n\t<meta property=\"og:image:width\" content=\"850\" \/>\n\t<meta property=\"og:image:height\" content=\"567\" \/>\n\t<meta property=\"og:image:type\" content=\"image\/jpeg\" \/>\n<meta name=\"author\" content=\"Administradores\" \/>\n<meta name=\"twitter:card\" content=\"summary_large_image\" \/>\n<meta name=\"twitter:label1\" content=\"Escrit per\" \/>\n\t<meta name=\"twitter:data1\" content=\"Administradores\" \/>\n\t<meta name=\"twitter:label2\" content=\"Temps estimat de lectura\" \/>\n\t<meta name=\"twitter:data2\" content=\"3 minuts\" \/>\n<script type=\"application\/ld+json\" class=\"yoast-schema-graph\">{\"@context\":\"https:\/\/schema.org\",\"@graph\":[{\"@type\":\"WebPage\",\"@id\":\"https:\/\/canmauri.com\/ca\/por-que-no-debes-faltar-a-la-comida-empresa-en-sabadell\/\",\"url\":\"https:\/\/canmauri.com\/ca\/por-que-no-debes-faltar-a-la-comida-empresa-en-sabadell\/\",\"name\":\"Per qu\u00e8 no has de faltar al menjar d'empresa a Sabadell? - Can Mauri\",\"isPartOf\":{\"@id\":\"https:\/\/canmauri.com\/#website\"},\"primaryImageOfPage\":{\"@id\":\"https:\/\/canmauri.com\/ca\/por-que-no-debes-faltar-a-la-comida-empresa-en-sabadell\/#primaryimage\"},\"image\":{\"@id\":\"https:\/\/canmauri.com\/ca\/por-que-no-debes-faltar-a-la-comida-empresa-en-sabadell\/#primaryimage\"},\"thumbnailUrl\":\"https:\/\/canmauri.com\/wp-content\/uploads\/2022\/02\/salones2.jpg\",\"datePublished\":\"2022-12-13T10:40:35+00:00\",\"dateModified\":\"2025-06-23T10:01:38+00:00\",\"author\":{\"@id\":\"https:\/\/canmauri.com\/#\/schema\/person\/8baffb7080a77a162a8a5f95372b69bd\"},\"breadcrumb\":{\"@id\":\"https:\/\/canmauri.com\/ca\/por-que-no-debes-faltar-a-la-comida-empresa-en-sabadell\/#breadcrumb\"},\"inLanguage\":\"ca\",\"potentialAction\":[{\"@type\":\"ReadAction\",\"target\":[\"https:\/\/canmauri.com\/ca\/por-que-no-debes-faltar-a-la-comida-empresa-en-sabadell\/\"]}]},{\"@type\":\"ImageObject\",\"inLanguage\":\"ca\",\"@id\":\"https:\/\/canmauri.com\/ca\/por-que-no-debes-faltar-a-la-comida-empresa-en-sabadell\/#primaryimage\",\"url\":\"https:\/\/canmauri.com\/wp-content\/uploads\/2022\/02\/salones2.jpg\",\"contentUrl\":\"https:\/\/canmauri.com\/wp-content\/uploads\/2022\/02\/salones2.jpg\",\"width\":850,\"height\":567},{\"@type\":\"BreadcrumbList\",\"@id\":\"https:\/\/canmauri.com\/ca\/por-que-no-debes-faltar-a-la-comida-empresa-en-sabadell\/#breadcrumb\",\"itemListElement\":[{\"@type\":\"ListItem\",\"position\":1,\"name\":\"Portada\",\"item\":\"https:\/\/canmauri.com\/ca\/\"},{\"@type\":\"ListItem\",\"position\":2,\"name\":\"Per qu\u00e8 no has de faltar al menjar d&#8217;empresa a Sabadell?\"}]},{\"@type\":\"WebSite\",\"@id\":\"https:\/\/canmauri.com\/#website\",\"url\":\"https:\/\/canmauri.com\/\",\"name\":\"Can Mauri\",\"description\":\"\",\"potentialAction\":[{\"@type\":\"SearchAction\",\"target\":{\"@type\":\"EntryPoint\",\"urlTemplate\":\"https:\/\/canmauri.com\/?s={search_term_string}\"},\"query-input\":{\"@type\":\"PropertyValueSpecification\",\"valueRequired\":true,\"valueName\":\"search_term_string\"}}],\"inLanguage\":\"ca\"},{\"@type\":\"Person\",\"@id\":\"https:\/\/canmauri.com\/#\/schema\/person\/8baffb7080a77a162a8a5f95372b69bd\",\"name\":\"Administradores\",\"image\":{\"@type\":\"ImageObject\",\"inLanguage\":\"ca\",\"@id\":\"https:\/\/canmauri.com\/#\/schema\/person\/image\/\",\"url\":\"https:\/\/secure.gravatar.com\/avatar\/74706914812c3b473b95a5253410b33d71c50bf5f0d5423532bc0afa617d4316?s=96&d=mm&r=g\",\"contentUrl\":\"https:\/\/secure.gravatar.com\/avatar\/74706914812c3b473b95a5253410b33d71c50bf5f0d5423532bc0afa617d4316?s=96&d=mm&r=g\",\"caption\":\"Administradores\"},\"url\":\"https:\/\/canmauri.com\/ca\/author\/administradores\/\"}]}<\/script>\n<!-- \/ Yoast SEO plugin. -->","yoast_head_json":{"title":"Per qu\u00e8 no has de faltar al menjar d'empresa a Sabadell? - Can Mauri","robots":{"index":"index","follow":"follow","max-snippet":"max-snippet:-1","max-image-preview":"max-image-preview:large","max-video-preview":"max-video-preview:-1"},"canonical":"https:\/\/canmauri.com\/ca\/por-que-no-debes-faltar-a-la-comida-empresa-en-sabadell\/","og_locale":"ca_ES","og_type":"article","og_title":"Per qu\u00e8 no has de faltar al menjar d'empresa a Sabadell? - Can Mauri","og_description":"En el menjar d&#8217;empresa a Sabadell es destensa tot l&#8217;estr\u00e8s viscut durant els mesos previs i \u00e9s que, \u00e9s un moment ideal per a deixar de costat les exig\u00e8ncies, els rancors i les presses, per a gaudir de la faceta m\u00e9s relaxada, divertida i personal del teu equip de treball. En Can Mauri, pots trobar una gran varietat de men\u00fasRead more","og_url":"https:\/\/canmauri.com\/ca\/por-que-no-debes-faltar-a-la-comida-empresa-en-sabadell\/","og_site_name":"Can Mauri","article_published_time":"2022-12-13T10:40:35+00:00","article_modified_time":"2025-06-23T10:01:38+00:00","og_image":[{"width":850,"height":567,"url":"https:\/\/canmauri.com\/wp-content\/uploads\/2022\/02\/salones2.jpg","type":"image\/jpeg"}],"author":"Administradores","twitter_card":"summary_large_image","twitter_misc":{"Escrit per":"Administradores","Temps estimat de lectura":"3 minuts"},"schema":{"@context":"https:\/\/schema.org","@graph":[{"@type":"WebPage","@id":"https:\/\/canmauri.com\/ca\/por-que-no-debes-faltar-a-la-comida-empresa-en-sabadell\/","url":"https:\/\/canmauri.com\/ca\/por-que-no-debes-faltar-a-la-comida-empresa-en-sabadell\/","name":"Per qu\u00e8 no has de faltar al menjar d'empresa a Sabadell? - Can Mauri","isPartOf":{"@id":"https:\/\/canmauri.com\/#website"},"primaryImageOfPage":{"@id":"https:\/\/canmauri.com\/ca\/por-que-no-debes-faltar-a-la-comida-empresa-en-sabadell\/#primaryimage"},"image":{"@id":"https:\/\/canmauri.com\/ca\/por-que-no-debes-faltar-a-la-comida-empresa-en-sabadell\/#primaryimage"},"thumbnailUrl":"https:\/\/canmauri.com\/wp-content\/uploads\/2022\/02\/salones2.jpg","datePublished":"2022-12-13T10:40:35+00:00","dateModified":"2025-06-23T10:01:38+00:00","author":{"@id":"https:\/\/canmauri.com\/#\/schema\/person\/8baffb7080a77a162a8a5f95372b69bd"},"breadcrumb":{"@id":"https:\/\/canmauri.com\/ca\/por-que-no-debes-faltar-a-la-comida-empresa-en-sabadell\/#breadcrumb"},"inLanguage":"ca","potentialAction":[{"@type":"ReadAction","target":["https:\/\/canmauri.com\/ca\/por-que-no-debes-faltar-a-la-comida-empresa-en-sabadell\/"]}]},{"@type":"ImageObject","inLanguage":"ca","@id":"https:\/\/canmauri.com\/ca\/por-que-no-debes-faltar-a-la-comida-empresa-en-sabadell\/#primaryimage","url":"https:\/\/canmauri.com\/wp-content\/uploads\/2022\/02\/salones2.jpg","contentUrl":"https:\/\/canmauri.com\/wp-content\/uploads\/2022\/02\/salones2.jpg","width":850,"height":567},{"@type":"BreadcrumbList","@id":"https:\/\/canmauri.com\/ca\/por-que-no-debes-faltar-a-la-comida-empresa-en-sabadell\/#breadcrumb","itemListElement":[{"@type":"ListItem","position":1,"name":"Portada","item":"https:\/\/canmauri.com\/ca\/"},{"@type":"ListItem","position":2,"name":"Per qu\u00e8 no has de faltar al menjar d&#8217;empresa a Sabadell?"}]},{"@type":"WebSite","@id":"https:\/\/canmauri.com\/#website","url":"https:\/\/canmauri.com\/","name":"Can Mauri","description":"","potentialAction":[{"@type":"SearchAction","target":{"@type":"EntryPoint","urlTemplate":"https:\/\/canmauri.com\/?s={search_term_string}"},"query-input":{"@type":"PropertyValueSpecification","valueRequired":true,"valueName":"search_term_string"}}],"inLanguage":"ca"},{"@type":"Person","@id":"https:\/\/canmauri.com\/#\/schema\/person\/8baffb7080a77a162a8a5f95372b69bd","name":"Administradores","image":{"@type":"ImageObject","inLanguage":"ca","@id":"https:\/\/canmauri.com\/#\/schema\/person\/image\/","url":"https:\/\/secure.gravatar.com\/avatar\/74706914812c3b473b95a5253410b33d71c50bf5f0d5423532bc0afa617d4316?s=96&d=mm&r=g","contentUrl":"https:\/\/secure.gravatar.com\/avatar\/74706914812c3b473b95a5253410b33d71c50bf5f0d5423532bc0afa617d4316?s=96&d=mm&r=g","caption":"Administradores"},"url":"https:\/\/canmauri.com\/ca\/author\/administradores\/"}]}},"_links":{"self":[{"href":"https:\/\/canmauri.com\/ca\/wp-json\/wp\/v2\/posts\/7673","targetHints":{"allow":["GET"]}}],"collection":[{"href":"https:\/\/canmauri.com\/ca\/wp-json\/wp\/v2\/posts"}],"about":[{"href":"https:\/\/canmauri.com\/ca\/wp-json\/wp\/v2\/types\/post"}],"author":[{"embeddable":true,"href":"https:\/\/canmauri.com\/ca\/wp-json\/wp\/v2\/users\/7"}],"replies":[{"embeddable":true,"href":"https:\/\/canmauri.com\/ca\/wp-json\/wp\/v2\/comments?post=7673"}],"version-history":[{"count":3,"href":"https:\/\/canmauri.com\/ca\/wp-json\/wp\/v2\/posts\/7673\/revisions"}],"predecessor-version":[{"id":7676,"href":"https:\/\/canmauri.com\/ca\/wp-json\/wp\/v2\/posts\/7673\/revisions\/7676"}],"wp:featuredmedia":[{"embeddable":true,"href":"https:\/\/canmauri.com\/ca\/wp-json\/wp\/v2\/media\/1046"}],"wp:attachment":[{"href":"https:\/\/canmauri.com\/ca\/wp-json\/wp\/v2\/media?parent=7673"}],"wp:term":[{"taxonomy":"category","embeddable":true,"href":"https:\/\/canmauri.com\/ca\/wp-json\/wp\/v2\/categories?post=7673"},{"taxonomy":"post_tag","embeddable":true,"href":"https:\/\/canmauri.com\/ca\/wp-json\/wp\/v2\/tags?post=7673"}],"curies":[{"name":"wp","href":"https:\/\/api.w.org\/{rel}","templated":true}]}}