{"id":7633,"date":"2023-04-28T14:23:14","date_gmt":"2023-04-28T12:23:14","guid":{"rendered":"https:\/\/canmauri.com\/?p=7633"},"modified":"2025-06-23T10:56:45","modified_gmt":"2025-06-23T08:56:45","slug":"restaurant-de-menjar-dempresa-a-sabadell-un-espai-comode-per-a-un-moment-especial","status":"publish","type":"post","link":"https:\/\/canmauri.com\/ca\/restaurant-de-menjar-dempresa-a-sabadell-un-espai-comode-per-a-un-moment-especial\/","title":{"rendered":"Restaurant de menjar d&#8217;empresa a Sabadell: un espai c\u00f2mode per a un moment especial"},"content":{"rendered":"<p>Existeixen diferents moments en una empresa en els quals probablement voldr\u00e0 celebrar amb tot l&#8217;equip. Ja sigui per Nadal, un aniversari o algun altre assoliment, pot buscar un <a href=\"https:\/\/canmauri.com\/ca\/empreses\/\"><strong>restaurant de menjar d&#8217;empresa a Sabadell<\/strong><\/a> per a organitzar el seu esdeveniment.<\/p>\n<p>Hi ha bastantes coses que ha de tenir en compte quan tri\u00ef un <strong>restaurant de menjar d&#8217;empresa a Sabadell<\/strong>. Aquestes coses inclouen passos que pot prendre d&#8217;un en un per a ajudar-ho a trobar exactament aquest restaurant que li brindar\u00e0 la millor experi\u00e8ncia.<\/p>\n<p style=\"text-align: justify;\"><img decoding=\"async\" class=\"aligncenter wp-image-6266 size-large lazyload\" data-src=\"https:\/\/canmauri.com\/wp-content\/uploads\/2023\/05\/catering-179046_1920-1024x682.jpg\" alt=\"\" width=\"1024\" height=\"682\" data-srcset=\"https:\/\/canmauri.com\/wp-content\/uploads\/2023\/05\/catering-179046_1920-1024x682.jpg 1024w, https:\/\/canmauri.com\/wp-content\/uploads\/2023\/05\/catering-179046_1920-300x200.jpg 300w, https:\/\/canmauri.com\/wp-content\/uploads\/2023\/05\/catering-179046_1920-768x511.jpg 768w, https:\/\/canmauri.com\/wp-content\/uploads\/2023\/05\/catering-179046_1920-1536x1022.jpg 1536w, https:\/\/canmauri.com\/wp-content\/uploads\/2023\/05\/catering-179046_1920-320x213.jpg 320w, https:\/\/canmauri.com\/wp-content\/uploads\/2023\/05\/catering-179046_1920.jpg 1920w\" data-sizes=\"(max-width: 1024px) 100vw, 1024px\" src=\"data:image\/svg+xml;base64,PHN2ZyB3aWR0aD0iMSIgaGVpZ2h0PSIxIiB4bWxucz0iaHR0cDovL3d3dy53My5vcmcvMjAwMC9zdmciPjwvc3ZnPg==\" style=\"--smush-placeholder-width: 1024px; --smush-placeholder-aspect-ratio: 1024\/682;\" \/><\/p>\n<h2>Restaurant de menjar d&#8217;empresa a Sabadell: el que ha de tenir en compte<\/h2>\n<p>&nbsp;<\/p>\n<p>La ubicaci\u00f3 si importa<\/p>\n<p>La ubicaci\u00f3 s\u00ed que importa, ja que desitja que estigui prop de la majoria dels convidats que vindran, especialment del convidat o convidats d&#8217;honor.<\/p>\n<p>Grand\u00e0ria del grup de convidats que venen<\/p>\n<p>Despr\u00e9s, desitja avaluar el grup de convidats que vindran. Ha de fer aix\u00f2 comen\u00e7ant a fer una llista de tots els convidats que acudiran a l&#8217;esdeveniment. Pensa amb qui s&#8217;asseuran aquestes persones, com s&#8217;uniran. \u00c9s m\u00e9s un grup soroll\u00f3s o m\u00e9s un grup tranquil que busca una experi\u00e8ncia agradable i serena? Fer aquesta llista d&#8217;hora pot ajudar-ho a seleccionar el <strong>restaurant de menjar d&#8217;empresa a Sabadell<\/strong> ideal, a m\u00e9s d&#8217;acompanyar-lo a trobar la forma m\u00e9s c\u00f2moda de situar-los.<\/p>\n<p>Trobi un equilibri entre el menjar i l&#8217;ambient<\/p>\n<p>Un equilibri de menjar i ambient \u00e9s sempre molt important. Vol un <strong>restaurant de menjar d&#8217;empresa a Sabadell<\/strong> com a Can Mauri perqu\u00e8 oferim aquest acte d&#8217;equilibri exacte. Aix\u00f2 significa menjar de qualitat en un ambient agradable i acollidor, per\u00f2 tamb\u00e9 prou formal com perqu\u00e8 se senti segur de tenir qualsevol tipus d&#8217;esdeveniment all\u00ed, sense importar l&#8217;especial que sigui.<\/p>\n<p>Alguna cosa per a tots<\/p>\n<p>\u00c9s important assegurar-se que el <strong>restaurant de menjar d&#8217;empresa a Sabadell<\/strong> que tri\u00ef tingui alguna cosa per a tots. Aix\u00f2 significa tenir un tipus de menjar que tots gaudiran, un lloc que se sentir\u00e0 especial per als convidats d&#8217;honor com a m\u00ednim, i el tipus d&#8217;entreteniment i ambient que far\u00e0 que tota la multitud se senti c\u00f2moda per a socialitzar d&#8217;una manera m\u00e9s activa.<\/p>\n<p>Faci els plans primerenc i fixi la data<\/p>\n<p>Ara que ha tingut en compte tots aquests factors, \u00e9s hora d&#8217;establir la data i obtenir la reserva. En Can Mauri, podem ajudar-ho amb aix\u00f2 perqu\u00e8 pugui fixar aquesta data al m\u00e9s aviat possible. Aix\u00f2 l&#8217;ajudar\u00e0 a planificar amb calma i sense estr\u00e8s i fer aquesta vetllada un moment que no oblidar\u00e0.<\/p>\n<p>Som el seu <strong>restaurant de menjar d&#8217;empresa<\/strong> prop de <strong>Sabadell<\/strong> ideal i ens podem adaptar a les seves necessitats i requeriments. Ho esperem!<\/p>\n","protected":false},"excerpt":{"rendered":"<p>Existeixen diferents moments en una empresa en els quals probablement voldr\u00e0 celebrar amb tot l&#8217;equip. Ja sigui per Nadal, un aniversari o algun altre assoliment, pot buscar un restaurant de menjar d&#8217;empresa a Sabadell per a organitzar el seu esdeveniment. Hi ha bastantes coses que ha de tenir en compte quan tri\u00ef un restaurant de menjar d&#8217;empresa a Sabadell. Aquestes<\/p>\n<div class=\"h10\"><\/div>\n<p><a class=\"more-link1\" href=\"https:\/\/canmauri.com\/ca\/restaurant-de-menjar-dempresa-a-sabadell-un-espai-comode-per-a-un-moment-especial\/\">Read more<\/a><\/p>\n","protected":false},"author":7,"featured_media":6265,"comment_status":"closed","ping_status":"closed","sticky":false,"template":"","format":"standard","meta":{"_vp_format_video_url":"","_vp_image_focal_point":[],"footnotes":""},"categories":[301,4],"tags":[],"class_list":["post-7633","post","type-post","status-publish","format-standard","has-post-thumbnail","hentry","category-comida-de-empresa-ca","category-sense-categoria"],"yoast_head":"<!-- This site is optimized with the Yoast SEO plugin v26.2 - https:\/\/yoast.com\/wordpress\/plugins\/seo\/ -->\n<title>Restaurant de menjar d&#039;empresa a Sabadell: un espai c\u00f2mode per a un moment especial - Can Mauri<\/title>\n<meta name=\"robots\" content=\"index, follow, max-snippet:-1, max-image-preview:large, max-video-preview:-1\" \/>\n<link rel=\"canonical\" href=\"https:\/\/canmauri.com\/ca\/restaurant-de-menjar-dempresa-a-sabadell-un-espai-comode-per-a-un-moment-especial\/\" \/>\n<meta property=\"og:locale\" content=\"ca_ES\" \/>\n<meta property=\"og:type\" content=\"article\" \/>\n<meta property=\"og:title\" content=\"Restaurant de menjar d&#039;empresa a Sabadell: un espai c\u00f2mode per a un moment especial - Can Mauri\" \/>\n<meta property=\"og:description\" content=\"Existeixen diferents moments en una empresa en els quals probablement voldr\u00e0 celebrar amb tot l&#8217;equip. Ja sigui per Nadal, un aniversari o algun altre assoliment, pot buscar un restaurant de menjar d&#8217;empresa a Sabadell per a organitzar el seu esdeveniment. Hi ha bastantes coses que ha de tenir en compte quan tri\u00ef un restaurant de menjar d&#8217;empresa a Sabadell. AquestesRead more\" \/>\n<meta property=\"og:url\" content=\"https:\/\/canmauri.com\/ca\/restaurant-de-menjar-dempresa-a-sabadell-un-espai-comode-per-a-un-moment-especial\/\" \/>\n<meta property=\"og:site_name\" content=\"Can Mauri\" \/>\n<meta property=\"article:published_time\" content=\"2023-04-28T12:23:14+00:00\" \/>\n<meta property=\"article:modified_time\" content=\"2025-06-23T08:56:45+00:00\" \/>\n<meta property=\"og:image\" content=\"https:\/\/canmauri.com\/wp-content\/uploads\/2023\/05\/salad-569156_1920.jpg\" \/>\n\t<meta property=\"og:image:width\" content=\"1920\" \/>\n\t<meta property=\"og:image:height\" content=\"1080\" \/>\n\t<meta property=\"og:image:type\" content=\"image\/jpeg\" \/>\n<meta name=\"author\" content=\"Administradores\" \/>\n<meta name=\"twitter:card\" content=\"summary_large_image\" \/>\n<meta name=\"twitter:label1\" content=\"Escrit per\" \/>\n\t<meta name=\"twitter:data1\" content=\"Administradores\" \/>\n\t<meta name=\"twitter:label2\" content=\"Temps estimat de lectura\" \/>\n\t<meta name=\"twitter:data2\" content=\"3 minuts\" \/>\n<script type=\"application\/ld+json\" class=\"yoast-schema-graph\">{\"@context\":\"https:\/\/schema.org\",\"@graph\":[{\"@type\":\"WebPage\",\"@id\":\"https:\/\/canmauri.com\/ca\/restaurant-de-menjar-dempresa-a-sabadell-un-espai-comode-per-a-un-moment-especial\/\",\"url\":\"https:\/\/canmauri.com\/ca\/restaurant-de-menjar-dempresa-a-sabadell-un-espai-comode-per-a-un-moment-especial\/\",\"name\":\"Restaurant de menjar d'empresa a Sabadell: un espai c\u00f2mode per a un moment especial - Can Mauri\",\"isPartOf\":{\"@id\":\"https:\/\/canmauri.com\/#website\"},\"primaryImageOfPage\":{\"@id\":\"https:\/\/canmauri.com\/ca\/restaurant-de-menjar-dempresa-a-sabadell-un-espai-comode-per-a-un-moment-especial\/#primaryimage\"},\"image\":{\"@id\":\"https:\/\/canmauri.com\/ca\/restaurant-de-menjar-dempresa-a-sabadell-un-espai-comode-per-a-un-moment-especial\/#primaryimage\"},\"thumbnailUrl\":\"https:\/\/canmauri.com\/wp-content\/uploads\/2023\/05\/salad-569156_1920.jpg\",\"datePublished\":\"2023-04-28T12:23:14+00:00\",\"dateModified\":\"2025-06-23T08:56:45+00:00\",\"author\":{\"@id\":\"https:\/\/canmauri.com\/#\/schema\/person\/8baffb7080a77a162a8a5f95372b69bd\"},\"breadcrumb\":{\"@id\":\"https:\/\/canmauri.com\/ca\/restaurant-de-menjar-dempresa-a-sabadell-un-espai-comode-per-a-un-moment-especial\/#breadcrumb\"},\"inLanguage\":\"ca\",\"potentialAction\":[{\"@type\":\"ReadAction\",\"target\":[\"https:\/\/canmauri.com\/ca\/restaurant-de-menjar-dempresa-a-sabadell-un-espai-comode-per-a-un-moment-especial\/\"]}]},{\"@type\":\"ImageObject\",\"inLanguage\":\"ca\",\"@id\":\"https:\/\/canmauri.com\/ca\/restaurant-de-menjar-dempresa-a-sabadell-un-espai-comode-per-a-un-moment-especial\/#primaryimage\",\"url\":\"https:\/\/canmauri.com\/wp-content\/uploads\/2023\/05\/salad-569156_1920.jpg\",\"contentUrl\":\"https:\/\/canmauri.com\/wp-content\/uploads\/2023\/05\/salad-569156_1920.jpg\",\"width\":1920,\"height\":1080},{\"@type\":\"BreadcrumbList\",\"@id\":\"https:\/\/canmauri.com\/ca\/restaurant-de-menjar-dempresa-a-sabadell-un-espai-comode-per-a-un-moment-especial\/#breadcrumb\",\"itemListElement\":[{\"@type\":\"ListItem\",\"position\":1,\"name\":\"Portada\",\"item\":\"https:\/\/canmauri.com\/ca\/\"},{\"@type\":\"ListItem\",\"position\":2,\"name\":\"Restaurant de menjar d&#8217;empresa a Sabadell: un espai c\u00f2mode per a un moment especial\"}]},{\"@type\":\"WebSite\",\"@id\":\"https:\/\/canmauri.com\/#website\",\"url\":\"https:\/\/canmauri.com\/\",\"name\":\"Can Mauri\",\"description\":\"\",\"potentialAction\":[{\"@type\":\"SearchAction\",\"target\":{\"@type\":\"EntryPoint\",\"urlTemplate\":\"https:\/\/canmauri.com\/?s={search_term_string}\"},\"query-input\":{\"@type\":\"PropertyValueSpecification\",\"valueRequired\":true,\"valueName\":\"search_term_string\"}}],\"inLanguage\":\"ca\"},{\"@type\":\"Person\",\"@id\":\"https:\/\/canmauri.com\/#\/schema\/person\/8baffb7080a77a162a8a5f95372b69bd\",\"name\":\"Administradores\",\"image\":{\"@type\":\"ImageObject\",\"inLanguage\":\"ca\",\"@id\":\"https:\/\/canmauri.com\/#\/schema\/person\/image\/\",\"url\":\"https:\/\/secure.gravatar.com\/avatar\/74706914812c3b473b95a5253410b33d71c50bf5f0d5423532bc0afa617d4316?s=96&d=mm&r=g\",\"contentUrl\":\"https:\/\/secure.gravatar.com\/avatar\/74706914812c3b473b95a5253410b33d71c50bf5f0d5423532bc0afa617d4316?s=96&d=mm&r=g\",\"caption\":\"Administradores\"},\"url\":\"https:\/\/canmauri.com\/ca\/author\/administradores\/\"}]}<\/script>\n<!-- \/ Yoast SEO plugin. -->","yoast_head_json":{"title":"Restaurant de menjar d'empresa a Sabadell: un espai c\u00f2mode per a un moment especial - Can Mauri","robots":{"index":"index","follow":"follow","max-snippet":"max-snippet:-1","max-image-preview":"max-image-preview:large","max-video-preview":"max-video-preview:-1"},"canonical":"https:\/\/canmauri.com\/ca\/restaurant-de-menjar-dempresa-a-sabadell-un-espai-comode-per-a-un-moment-especial\/","og_locale":"ca_ES","og_type":"article","og_title":"Restaurant de menjar d'empresa a Sabadell: un espai c\u00f2mode per a un moment especial - Can Mauri","og_description":"Existeixen diferents moments en una empresa en els quals probablement voldr\u00e0 celebrar amb tot l&#8217;equip. Ja sigui per Nadal, un aniversari o algun altre assoliment, pot buscar un restaurant de menjar d&#8217;empresa a Sabadell per a organitzar el seu esdeveniment. Hi ha bastantes coses que ha de tenir en compte quan tri\u00ef un restaurant de menjar d&#8217;empresa a Sabadell. AquestesRead more","og_url":"https:\/\/canmauri.com\/ca\/restaurant-de-menjar-dempresa-a-sabadell-un-espai-comode-per-a-un-moment-especial\/","og_site_name":"Can Mauri","article_published_time":"2023-04-28T12:23:14+00:00","article_modified_time":"2025-06-23T08:56:45+00:00","og_image":[{"width":1920,"height":1080,"url":"https:\/\/canmauri.com\/wp-content\/uploads\/2023\/05\/salad-569156_1920.jpg","type":"image\/jpeg"}],"author":"Administradores","twitter_card":"summary_large_image","twitter_misc":{"Escrit per":"Administradores","Temps estimat de lectura":"3 minuts"},"schema":{"@context":"https:\/\/schema.org","@graph":[{"@type":"WebPage","@id":"https:\/\/canmauri.com\/ca\/restaurant-de-menjar-dempresa-a-sabadell-un-espai-comode-per-a-un-moment-especial\/","url":"https:\/\/canmauri.com\/ca\/restaurant-de-menjar-dempresa-a-sabadell-un-espai-comode-per-a-un-moment-especial\/","name":"Restaurant de menjar d'empresa a Sabadell: un espai c\u00f2mode per a un moment especial - Can Mauri","isPartOf":{"@id":"https:\/\/canmauri.com\/#website"},"primaryImageOfPage":{"@id":"https:\/\/canmauri.com\/ca\/restaurant-de-menjar-dempresa-a-sabadell-un-espai-comode-per-a-un-moment-especial\/#primaryimage"},"image":{"@id":"https:\/\/canmauri.com\/ca\/restaurant-de-menjar-dempresa-a-sabadell-un-espai-comode-per-a-un-moment-especial\/#primaryimage"},"thumbnailUrl":"https:\/\/canmauri.com\/wp-content\/uploads\/2023\/05\/salad-569156_1920.jpg","datePublished":"2023-04-28T12:23:14+00:00","dateModified":"2025-06-23T08:56:45+00:00","author":{"@id":"https:\/\/canmauri.com\/#\/schema\/person\/8baffb7080a77a162a8a5f95372b69bd"},"breadcrumb":{"@id":"https:\/\/canmauri.com\/ca\/restaurant-de-menjar-dempresa-a-sabadell-un-espai-comode-per-a-un-moment-especial\/#breadcrumb"},"inLanguage":"ca","potentialAction":[{"@type":"ReadAction","target":["https:\/\/canmauri.com\/ca\/restaurant-de-menjar-dempresa-a-sabadell-un-espai-comode-per-a-un-moment-especial\/"]}]},{"@type":"ImageObject","inLanguage":"ca","@id":"https:\/\/canmauri.com\/ca\/restaurant-de-menjar-dempresa-a-sabadell-un-espai-comode-per-a-un-moment-especial\/#primaryimage","url":"https:\/\/canmauri.com\/wp-content\/uploads\/2023\/05\/salad-569156_1920.jpg","contentUrl":"https:\/\/canmauri.com\/wp-content\/uploads\/2023\/05\/salad-569156_1920.jpg","width":1920,"height":1080},{"@type":"BreadcrumbList","@id":"https:\/\/canmauri.com\/ca\/restaurant-de-menjar-dempresa-a-sabadell-un-espai-comode-per-a-un-moment-especial\/#breadcrumb","itemListElement":[{"@type":"ListItem","position":1,"name":"Portada","item":"https:\/\/canmauri.com\/ca\/"},{"@type":"ListItem","position":2,"name":"Restaurant de menjar d&#8217;empresa a Sabadell: un espai c\u00f2mode per a un moment especial"}]},{"@type":"WebSite","@id":"https:\/\/canmauri.com\/#website","url":"https:\/\/canmauri.com\/","name":"Can Mauri","description":"","potentialAction":[{"@type":"SearchAction","target":{"@type":"EntryPoint","urlTemplate":"https:\/\/canmauri.com\/?s={search_term_string}"},"query-input":{"@type":"PropertyValueSpecification","valueRequired":true,"valueName":"search_term_string"}}],"inLanguage":"ca"},{"@type":"Person","@id":"https:\/\/canmauri.com\/#\/schema\/person\/8baffb7080a77a162a8a5f95372b69bd","name":"Administradores","image":{"@type":"ImageObject","inLanguage":"ca","@id":"https:\/\/canmauri.com\/#\/schema\/person\/image\/","url":"https:\/\/secure.gravatar.com\/avatar\/74706914812c3b473b95a5253410b33d71c50bf5f0d5423532bc0afa617d4316?s=96&d=mm&r=g","contentUrl":"https:\/\/secure.gravatar.com\/avatar\/74706914812c3b473b95a5253410b33d71c50bf5f0d5423532bc0afa617d4316?s=96&d=mm&r=g","caption":"Administradores"},"url":"https:\/\/canmauri.com\/ca\/author\/administradores\/"}]}},"_links":{"self":[{"href":"https:\/\/canmauri.com\/ca\/wp-json\/wp\/v2\/posts\/7633","targetHints":{"allow":["GET"]}}],"collection":[{"href":"https:\/\/canmauri.com\/ca\/wp-json\/wp\/v2\/posts"}],"about":[{"href":"https:\/\/canmauri.com\/ca\/wp-json\/wp\/v2\/types\/post"}],"author":[{"embeddable":true,"href":"https:\/\/canmauri.com\/ca\/wp-json\/wp\/v2\/users\/7"}],"replies":[{"embeddable":true,"href":"https:\/\/canmauri.com\/ca\/wp-json\/wp\/v2\/comments?post=7633"}],"version-history":[{"count":1,"href":"https:\/\/canmauri.com\/ca\/wp-json\/wp\/v2\/posts\/7633\/revisions"}],"predecessor-version":[{"id":7638,"href":"https:\/\/canmauri.com\/ca\/wp-json\/wp\/v2\/posts\/7633\/revisions\/7638"}],"wp:featuredmedia":[{"embeddable":true,"href":"https:\/\/canmauri.com\/ca\/wp-json\/wp\/v2\/media\/6265"}],"wp:attachment":[{"href":"https:\/\/canmauri.com\/ca\/wp-json\/wp\/v2\/media?parent=7633"}],"wp:term":[{"taxonomy":"category","embeddable":true,"href":"https:\/\/canmauri.com\/ca\/wp-json\/wp\/v2\/categories?post=7633"},{"taxonomy":"post_tag","embeddable":true,"href":"https:\/\/canmauri.com\/ca\/wp-json\/wp\/v2\/tags?post=7633"}],"curies":[{"name":"wp","href":"https:\/\/api.w.org\/{rel}","templated":true}]}}