{"id":7598,"date":"2023-12-27T09:08:43","date_gmt":"2023-12-27T08:08:43","guid":{"rendered":"https:\/\/canmauri.com\/?p=7598"},"modified":"2025-06-20T13:10:24","modified_gmt":"2025-06-20T11:10:24","slug":"can-mauri-lexcel%c2%b7lencia-en-esdeveniments-corporatius-amb-la-distincio-del-menjar-dempresa","status":"publish","type":"post","link":"https:\/\/canmauri.com\/ca\/can-mauri-lexcel%c2%b7lencia-en-esdeveniments-corporatius-amb-la-distincio-del-menjar-dempresa\/","title":{"rendered":"Can Mauri: L&#8217;excel\u00b7l\u00e8ncia en esdeveniments corporatius amb la distinci\u00f3 del menjar d&#8217;empresa"},"content":{"rendered":"<h2 style=\"text-align: justify;\">Experi\u00e8ncies culminants en Can Mauri: L&#8217;epicentre del menjar d&#8217;empresa per als teus esdeveniments corporatius<\/h2>\n<p style=\"text-align: justify;\">Can Mauri s&#8217;erigeix com el lloc inigualable per a celebrar esdeveniments corporatius, proporcionant una experi\u00e8ncia \u00fanica per a reunions, congressos i sopars d&#8217;empresa. Enclavada en la nostra masia, oferim diversos salons i espais adaptables que no sols garanteixen la productivitat dels teus esdeveniments professionals, sin\u00f3 que tamb\u00e9 ressalten l&#8217;ess\u00e8ncia del <a href=\"https:\/\/canmauri.com\/ca\/menu-empresa\/\"><strong>menjar d&#8217;empresa<\/strong><\/a> com a part integral de la nostra proposta.<\/p>\n<h3 style=\"text-align: justify;\">Espais vers\u00e0tils per a reunions i congressos altament productius<\/h3>\n<p style=\"text-align: justify;\">Visualitza la celebraci\u00f3 de les teves reunions i congressos en un entorn excepcional, dissenyat per a potenciar la productivitat i l&#8217;intercanvi d&#8217;idees. Can Mauri t&#8217;ofereix la possibilitat de triar entre diferents salons i espais adaptables, ajustant-se a les necessitats espec\u00edfiques del teu esdeveniment d&#8217;empresa. La nostra masia es converteix aix\u00ed en l&#8217;escenari perfecte per a confer\u00e8ncies, reunions estrat\u00e8giques i esdeveniments corporatius de qualsevol magnitud.<\/p>\n<p><img decoding=\"async\" class=\"alignnone wp-image-6590 size-full lazyload\" data-src=\"https:\/\/canmauri.com\/wp-content\/uploads\/2024\/01\/comida-de-empresa-1.jpg\" alt=\"Ven a nuestro restaurante para la comida de empresa\" width=\"2000\" height=\"1414\" data-srcset=\"https:\/\/canmauri.com\/wp-content\/uploads\/2024\/01\/comida-de-empresa-1.jpg 2000w, https:\/\/canmauri.com\/wp-content\/uploads\/2024\/01\/comida-de-empresa-1-300x212.jpg 300w, https:\/\/canmauri.com\/wp-content\/uploads\/2024\/01\/comida-de-empresa-1-1024x724.jpg 1024w, https:\/\/canmauri.com\/wp-content\/uploads\/2024\/01\/comida-de-empresa-1-768x543.jpg 768w, https:\/\/canmauri.com\/wp-content\/uploads\/2024\/01\/comida-de-empresa-1-1536x1086.jpg 1536w, https:\/\/canmauri.com\/wp-content\/uploads\/2024\/01\/comida-de-empresa-1-320x226.jpg 320w\" data-sizes=\"(max-width: 2000px) 100vw, 2000px\" src=\"data:image\/svg+xml;base64,PHN2ZyB3aWR0aD0iMSIgaGVpZ2h0PSIxIiB4bWxucz0iaHR0cDovL3d3dy53My5vcmcvMjAwMC9zdmciPjwvc3ZnPg==\" style=\"--smush-placeholder-width: 2000px; --smush-placeholder-aspect-ratio: 2000\/1414;\" \/><\/p>\n<h3 style=\"text-align: justify;\">Men\u00fa exclusiu per a satisfer al teu equip<\/h3>\n<p style=\"text-align: justify;\">En Can Mauri, comprenem que cada esdeveniment corporatiu \u00e9s \u00fanic, igual que les prefer\u00e8ncies del teu equip. Per aquesta ra\u00f3, elaborem un men\u00fa exclusiu, meticulosament pensat per a satisfer els paladars m\u00e9s exigents i adaptar-se als requisits particulars del teu esdeveniment. La qualitat de la nostra cuina es fusiona amb l&#8217;excel\u00b7l\u00e8ncia del servei, garantint una experi\u00e8ncia culin\u00e0ria inoblidable.<\/p>\n<h3 style=\"text-align: justify;\">Can Mauri en les teves instal\u00b7lacions: L&#8217;experi\u00e8ncia que es despla\u00e7a amb tu<\/h3>\n<p style=\"text-align: justify;\">Prefereixes celebrar el teu esdeveniment en les teves pr\u00f2pies instal\u00b7lacions? En Can Mauri, portem l&#8217;experi\u00e8ncia directament a tu. Ens encarreguem d&#8217;organitzar tots els detalls necessaris perqu\u00e8 el teu esdeveniment sigui un \u00e8xit, fins i tot en la comoditat de les teves pr\u00f2pies instal\u00b7lacions. Amb tota la informaci\u00f3 sobre els comensals i l&#8217;estructura de l&#8217;esdeveniment, ens ocupem de cada aspecte perqu\u00e8 tu nom\u00e9s hagis de preocupar-te per gaudir.<\/p>\n<p><img decoding=\"async\" class=\"alignnone wp-image-6594 size-full lazyload\" data-src=\"https:\/\/canmauri.com\/wp-content\/uploads\/2024\/01\/comida-de-empresa-2.jpg\" alt=\"La mejor elecci\u00f3n para tu comida de empresa\" width=\"2000\" height=\"1414\" data-srcset=\"https:\/\/canmauri.com\/wp-content\/uploads\/2024\/01\/comida-de-empresa-2.jpg 2000w, https:\/\/canmauri.com\/wp-content\/uploads\/2024\/01\/comida-de-empresa-2-300x212.jpg 300w, https:\/\/canmauri.com\/wp-content\/uploads\/2024\/01\/comida-de-empresa-2-1024x724.jpg 1024w, https:\/\/canmauri.com\/wp-content\/uploads\/2024\/01\/comida-de-empresa-2-768x543.jpg 768w, https:\/\/canmauri.com\/wp-content\/uploads\/2024\/01\/comida-de-empresa-2-1536x1086.jpg 1536w, https:\/\/canmauri.com\/wp-content\/uploads\/2024\/01\/comida-de-empresa-2-320x226.jpg 320w\" data-sizes=\"(max-width: 2000px) 100vw, 2000px\" src=\"data:image\/svg+xml;base64,PHN2ZyB3aWR0aD0iMSIgaGVpZ2h0PSIxIiB4bWxucz0iaHR0cDovL3d3dy53My5vcmcvMjAwMC9zdmciPjwvc3ZnPg==\" style=\"--smush-placeholder-width: 2000px; --smush-placeholder-aspect-ratio: 2000\/1414;\" \/><\/p>\n<h2 style=\"text-align: justify;\">Menjar d&#8217;empresa elevada a art: Can Mauri, el teu dest\u00ed exclusiu per a esdeveniments corporatius<\/h2>\n<h3 style=\"text-align: justify;\">Desconnexi\u00f3 despr\u00e9s del treball o millora de la gesti\u00f3: Can Mauri, el teu espai vers\u00e0til<\/h3>\n<p style=\"text-align: justify;\">Cerques un lloc per a desconnectar despr\u00e9s de la jornada laboral o millorar la gesti\u00f3 del teu equip en un entorn \u00fanic? Can Mauri ofereix la soluci\u00f3 perfecta. Ja sigui per a un sopar d&#8217;empresa o una reuni\u00f3 afterwork, trobar\u00e0s l&#8217;ambient idoni per a enfortir els lla\u00e7os entre el teu equip, fomentar la creativitat i millorar l&#8217;efici\u00e8ncia laboral.<\/p>\n<h3 style=\"text-align: justify;\">Menjar d&#8217;empresa en Can Mauri: Un art que s&#8217;assaboreix i es viu<\/h3>\n<p style=\"text-align: justify;\">En Can Mauri, el <a href=\"https:\/\/canmauri.com\/ca\/menu-empresa\/\"><strong>menjar d&#8217;empresa<\/strong><\/a> no \u00e9s simplement un component, sin\u00f3 l&#8217;ess\u00e8ncia mateixa de la nostra proposta. Amb un enfocament culinari \u00fanic i personalitzat, el nostre men\u00fa exclusiu destaca la import\u00e0ncia del menjar com a catalitzador d&#8217;experi\u00e8ncies inoblidables. En Can Mauri, entenem que el menjar d&#8217;empresa no sols alimenta el cos, sin\u00f3 que tamb\u00e9 nodreix les relacions laborals i enforteix l&#8217;esperit d&#8217;equip.<\/p>\n<p><img decoding=\"async\" class=\"alignnone wp-image-6592 size-full lazyload\" data-src=\"https:\/\/canmauri.com\/wp-content\/uploads\/2024\/01\/comida-empresa-1.jpg\" alt=\"La mejor opci\u00f3n para tu comida de empresa\" width=\"2000\" height=\"1414\" data-srcset=\"https:\/\/canmauri.com\/wp-content\/uploads\/2024\/01\/comida-empresa-1.jpg 2000w, https:\/\/canmauri.com\/wp-content\/uploads\/2024\/01\/comida-empresa-1-300x212.jpg 300w, https:\/\/canmauri.com\/wp-content\/uploads\/2024\/01\/comida-empresa-1-1024x724.jpg 1024w, https:\/\/canmauri.com\/wp-content\/uploads\/2024\/01\/comida-empresa-1-768x543.jpg 768w, https:\/\/canmauri.com\/wp-content\/uploads\/2024\/01\/comida-empresa-1-1536x1086.jpg 1536w, https:\/\/canmauri.com\/wp-content\/uploads\/2024\/01\/comida-empresa-1-320x226.jpg 320w\" data-sizes=\"(max-width: 2000px) 100vw, 2000px\" src=\"data:image\/svg+xml;base64,PHN2ZyB3aWR0aD0iMSIgaGVpZ2h0PSIxIiB4bWxucz0iaHR0cDovL3d3dy53My5vcmcvMjAwMC9zdmciPjwvc3ZnPg==\" style=\"--smush-placeholder-width: 2000px; --smush-placeholder-aspect-ratio: 2000\/1414;\" \/><\/p>\n<p style=\"text-align: justify;\">En resum, Can Mauri s&#8217;erigeix com el dest\u00ed per excel\u00b7l\u00e8ncia per a esdeveniments d&#8217;empresa, oferint espais excepcionals, men\u00fas exclusius i la flexibilitat d&#8217;adaptar-se a les teves instal\u00b7lacions. Celebra l&#8217;\u00e8xit empresarial amb nosaltres, on el <a href=\"https:\/\/canmauri.com\/ca\/menu-empresa\/\"><strong>menjar d&#8217;empresa<\/strong><\/a> es converteix en una experi\u00e8ncia \u00fanica que perdura en la mem\u00f2ria de tots els assistents. Can Mauri: on els negocis troben el seu espai i el <a href=\"https:\/\/canmauri.com\/ca\/menu-empresa\/\"><strong>menjar d&#8217;empresa<\/strong><\/a> es converteix en un art que s&#8217;assaboreix i es viu. T&#8217;esperem per a fer del teu esdeveniment un moment inoblidable!<\/p>\n","protected":false},"excerpt":{"rendered":"<p>Experi\u00e8ncies culminants en Can Mauri: L&#8217;epicentre del menjar d&#8217;empresa per als teus esdeveniments corporatius Can Mauri s&#8217;erigeix com el lloc inigualable per a celebrar esdeveniments corporatius, proporcionant una experi\u00e8ncia \u00fanica per a reunions, congressos i sopars d&#8217;empresa. Enclavada en la nostra masia, oferim diversos salons i espais adaptables que no sols garanteixen la productivitat dels teus esdeveniments professionals, sin\u00f3 que<\/p>\n<div class=\"h10\"><\/div>\n<p><a class=\"more-link1\" href=\"https:\/\/canmauri.com\/ca\/can-mauri-lexcel%c2%b7lencia-en-esdeveniments-corporatius-amb-la-distincio-del-menjar-dempresa\/\">Read more<\/a><\/p>\n","protected":false},"author":7,"featured_media":6589,"comment_status":"closed","ping_status":"closed","sticky":false,"template":"","format":"standard","meta":{"_vp_format_video_url":"","_vp_image_focal_point":[],"footnotes":""},"categories":[301,4],"tags":[],"class_list":["post-7598","post","type-post","status-publish","format-standard","has-post-thumbnail","hentry","category-comida-de-empresa-ca","category-sense-categoria"],"yoast_head":"<!-- This site is optimized with the Yoast SEO plugin v26.2 - https:\/\/yoast.com\/wordpress\/plugins\/seo\/ -->\n<title>Can Mauri: L&#039;excel\u00b7l\u00e8ncia en esdeveniments corporatius amb la distinci\u00f3 del menjar d&#039;empresa - Can Mauri<\/title>\n<meta name=\"robots\" content=\"index, follow, max-snippet:-1, max-image-preview:large, max-video-preview:-1\" \/>\n<link rel=\"canonical\" href=\"https:\/\/canmauri.com\/ca\/can-mauri-lexcel\u00b7lencia-en-esdeveniments-corporatius-amb-la-distincio-del-menjar-dempresa\/\" \/>\n<meta property=\"og:locale\" content=\"ca_ES\" \/>\n<meta property=\"og:type\" content=\"article\" \/>\n<meta property=\"og:title\" content=\"Can Mauri: L&#039;excel\u00b7l\u00e8ncia en esdeveniments corporatius amb la distinci\u00f3 del menjar d&#039;empresa - Can Mauri\" \/>\n<meta property=\"og:description\" content=\"Experi\u00e8ncies culminants en Can Mauri: L&#8217;epicentre del menjar d&#8217;empresa per als teus esdeveniments corporatius Can Mauri s&#8217;erigeix com el lloc inigualable per a celebrar esdeveniments corporatius, proporcionant una experi\u00e8ncia \u00fanica per a reunions, congressos i sopars d&#8217;empresa. Enclavada en la nostra masia, oferim diversos salons i espais adaptables que no sols garanteixen la productivitat dels teus esdeveniments professionals, sin\u00f3 queRead more\" \/>\n<meta property=\"og:url\" content=\"https:\/\/canmauri.com\/ca\/can-mauri-lexcel\u00b7lencia-en-esdeveniments-corporatius-amb-la-distincio-del-menjar-dempresa\/\" \/>\n<meta property=\"og:site_name\" content=\"Can Mauri\" \/>\n<meta property=\"article:published_time\" content=\"2023-12-27T08:08:43+00:00\" \/>\n<meta property=\"article:modified_time\" content=\"2025-06-20T11:10:24+00:00\" \/>\n<meta property=\"og:image\" content=\"https:\/\/canmauri.com\/wp-content\/uploads\/2024\/01\/comida-empresa.jpg\" \/>\n\t<meta property=\"og:image:width\" content=\"2000\" \/>\n\t<meta property=\"og:image:height\" content=\"1414\" \/>\n\t<meta property=\"og:image:type\" content=\"image\/jpeg\" \/>\n<meta name=\"author\" content=\"Administradores\" \/>\n<meta name=\"twitter:card\" content=\"summary_large_image\" \/>\n<meta name=\"twitter:label1\" content=\"Escrit per\" \/>\n\t<meta name=\"twitter:data1\" content=\"Administradores\" \/>\n\t<meta name=\"twitter:label2\" content=\"Temps estimat de lectura\" \/>\n\t<meta name=\"twitter:data2\" content=\"4 minuts\" \/>\n<script type=\"application\/ld+json\" class=\"yoast-schema-graph\">{\"@context\":\"https:\/\/schema.org\",\"@graph\":[{\"@type\":\"WebPage\",\"@id\":\"https:\/\/canmauri.com\/ca\/can-mauri-lexcel%c2%b7lencia-en-esdeveniments-corporatius-amb-la-distincio-del-menjar-dempresa\/\",\"url\":\"https:\/\/canmauri.com\/ca\/can-mauri-lexcel%c2%b7lencia-en-esdeveniments-corporatius-amb-la-distincio-del-menjar-dempresa\/\",\"name\":\"Can Mauri: L'excel\u00b7l\u00e8ncia en esdeveniments corporatius amb la distinci\u00f3 del menjar d'empresa - Can Mauri\",\"isPartOf\":{\"@id\":\"https:\/\/canmauri.com\/#website\"},\"primaryImageOfPage\":{\"@id\":\"https:\/\/canmauri.com\/ca\/can-mauri-lexcel%c2%b7lencia-en-esdeveniments-corporatius-amb-la-distincio-del-menjar-dempresa\/#primaryimage\"},\"image\":{\"@id\":\"https:\/\/canmauri.com\/ca\/can-mauri-lexcel%c2%b7lencia-en-esdeveniments-corporatius-amb-la-distincio-del-menjar-dempresa\/#primaryimage\"},\"thumbnailUrl\":\"https:\/\/canmauri.com\/wp-content\/uploads\/2024\/01\/comida-empresa.jpg\",\"datePublished\":\"2023-12-27T08:08:43+00:00\",\"dateModified\":\"2025-06-20T11:10:24+00:00\",\"author\":{\"@id\":\"https:\/\/canmauri.com\/#\/schema\/person\/8baffb7080a77a162a8a5f95372b69bd\"},\"breadcrumb\":{\"@id\":\"https:\/\/canmauri.com\/ca\/can-mauri-lexcel%c2%b7lencia-en-esdeveniments-corporatius-amb-la-distincio-del-menjar-dempresa\/#breadcrumb\"},\"inLanguage\":\"ca\",\"potentialAction\":[{\"@type\":\"ReadAction\",\"target\":[\"https:\/\/canmauri.com\/ca\/can-mauri-lexcel%c2%b7lencia-en-esdeveniments-corporatius-amb-la-distincio-del-menjar-dempresa\/\"]}]},{\"@type\":\"ImageObject\",\"inLanguage\":\"ca\",\"@id\":\"https:\/\/canmauri.com\/ca\/can-mauri-lexcel%c2%b7lencia-en-esdeveniments-corporatius-amb-la-distincio-del-menjar-dempresa\/#primaryimage\",\"url\":\"https:\/\/canmauri.com\/wp-content\/uploads\/2024\/01\/comida-empresa.jpg\",\"contentUrl\":\"https:\/\/canmauri.com\/wp-content\/uploads\/2024\/01\/comida-empresa.jpg\",\"width\":2000,\"height\":1414,\"caption\":\"Con nosotros no te decepcionar\u00e1 para la comida de empresa\"},{\"@type\":\"BreadcrumbList\",\"@id\":\"https:\/\/canmauri.com\/ca\/can-mauri-lexcel%c2%b7lencia-en-esdeveniments-corporatius-amb-la-distincio-del-menjar-dempresa\/#breadcrumb\",\"itemListElement\":[{\"@type\":\"ListItem\",\"position\":1,\"name\":\"Portada\",\"item\":\"https:\/\/canmauri.com\/ca\/\"},{\"@type\":\"ListItem\",\"position\":2,\"name\":\"Can Mauri: L&#8217;excel\u00b7l\u00e8ncia en esdeveniments corporatius amb la distinci\u00f3 del menjar d&#8217;empresa\"}]},{\"@type\":\"WebSite\",\"@id\":\"https:\/\/canmauri.com\/#website\",\"url\":\"https:\/\/canmauri.com\/\",\"name\":\"Can Mauri\",\"description\":\"\",\"potentialAction\":[{\"@type\":\"SearchAction\",\"target\":{\"@type\":\"EntryPoint\",\"urlTemplate\":\"https:\/\/canmauri.com\/?s={search_term_string}\"},\"query-input\":{\"@type\":\"PropertyValueSpecification\",\"valueRequired\":true,\"valueName\":\"search_term_string\"}}],\"inLanguage\":\"ca\"},{\"@type\":\"Person\",\"@id\":\"https:\/\/canmauri.com\/#\/schema\/person\/8baffb7080a77a162a8a5f95372b69bd\",\"name\":\"Administradores\",\"image\":{\"@type\":\"ImageObject\",\"inLanguage\":\"ca\",\"@id\":\"https:\/\/canmauri.com\/#\/schema\/person\/image\/\",\"url\":\"https:\/\/secure.gravatar.com\/avatar\/74706914812c3b473b95a5253410b33d71c50bf5f0d5423532bc0afa617d4316?s=96&d=mm&r=g\",\"contentUrl\":\"https:\/\/secure.gravatar.com\/avatar\/74706914812c3b473b95a5253410b33d71c50bf5f0d5423532bc0afa617d4316?s=96&d=mm&r=g\",\"caption\":\"Administradores\"},\"url\":\"https:\/\/canmauri.com\/ca\/author\/administradores\/\"}]}<\/script>\n<!-- \/ Yoast SEO plugin. -->","yoast_head_json":{"title":"Can Mauri: L'excel\u00b7l\u00e8ncia en esdeveniments corporatius amb la distinci\u00f3 del menjar d'empresa - Can Mauri","robots":{"index":"index","follow":"follow","max-snippet":"max-snippet:-1","max-image-preview":"max-image-preview:large","max-video-preview":"max-video-preview:-1"},"canonical":"https:\/\/canmauri.com\/ca\/can-mauri-lexcel\u00b7lencia-en-esdeveniments-corporatius-amb-la-distincio-del-menjar-dempresa\/","og_locale":"ca_ES","og_type":"article","og_title":"Can Mauri: L'excel\u00b7l\u00e8ncia en esdeveniments corporatius amb la distinci\u00f3 del menjar d'empresa - Can Mauri","og_description":"Experi\u00e8ncies culminants en Can Mauri: L&#8217;epicentre del menjar d&#8217;empresa per als teus esdeveniments corporatius Can Mauri s&#8217;erigeix com el lloc inigualable per a celebrar esdeveniments corporatius, proporcionant una experi\u00e8ncia \u00fanica per a reunions, congressos i sopars d&#8217;empresa. Enclavada en la nostra masia, oferim diversos salons i espais adaptables que no sols garanteixen la productivitat dels teus esdeveniments professionals, sin\u00f3 queRead more","og_url":"https:\/\/canmauri.com\/ca\/can-mauri-lexcel\u00b7lencia-en-esdeveniments-corporatius-amb-la-distincio-del-menjar-dempresa\/","og_site_name":"Can Mauri","article_published_time":"2023-12-27T08:08:43+00:00","article_modified_time":"2025-06-20T11:10:24+00:00","og_image":[{"width":2000,"height":1414,"url":"https:\/\/canmauri.com\/wp-content\/uploads\/2024\/01\/comida-empresa.jpg","type":"image\/jpeg"}],"author":"Administradores","twitter_card":"summary_large_image","twitter_misc":{"Escrit per":"Administradores","Temps estimat de lectura":"4 minuts"},"schema":{"@context":"https:\/\/schema.org","@graph":[{"@type":"WebPage","@id":"https:\/\/canmauri.com\/ca\/can-mauri-lexcel%c2%b7lencia-en-esdeveniments-corporatius-amb-la-distincio-del-menjar-dempresa\/","url":"https:\/\/canmauri.com\/ca\/can-mauri-lexcel%c2%b7lencia-en-esdeveniments-corporatius-amb-la-distincio-del-menjar-dempresa\/","name":"Can Mauri: L'excel\u00b7l\u00e8ncia en esdeveniments corporatius amb la distinci\u00f3 del menjar d'empresa - Can Mauri","isPartOf":{"@id":"https:\/\/canmauri.com\/#website"},"primaryImageOfPage":{"@id":"https:\/\/canmauri.com\/ca\/can-mauri-lexcel%c2%b7lencia-en-esdeveniments-corporatius-amb-la-distincio-del-menjar-dempresa\/#primaryimage"},"image":{"@id":"https:\/\/canmauri.com\/ca\/can-mauri-lexcel%c2%b7lencia-en-esdeveniments-corporatius-amb-la-distincio-del-menjar-dempresa\/#primaryimage"},"thumbnailUrl":"https:\/\/canmauri.com\/wp-content\/uploads\/2024\/01\/comida-empresa.jpg","datePublished":"2023-12-27T08:08:43+00:00","dateModified":"2025-06-20T11:10:24+00:00","author":{"@id":"https:\/\/canmauri.com\/#\/schema\/person\/8baffb7080a77a162a8a5f95372b69bd"},"breadcrumb":{"@id":"https:\/\/canmauri.com\/ca\/can-mauri-lexcel%c2%b7lencia-en-esdeveniments-corporatius-amb-la-distincio-del-menjar-dempresa\/#breadcrumb"},"inLanguage":"ca","potentialAction":[{"@type":"ReadAction","target":["https:\/\/canmauri.com\/ca\/can-mauri-lexcel%c2%b7lencia-en-esdeveniments-corporatius-amb-la-distincio-del-menjar-dempresa\/"]}]},{"@type":"ImageObject","inLanguage":"ca","@id":"https:\/\/canmauri.com\/ca\/can-mauri-lexcel%c2%b7lencia-en-esdeveniments-corporatius-amb-la-distincio-del-menjar-dempresa\/#primaryimage","url":"https:\/\/canmauri.com\/wp-content\/uploads\/2024\/01\/comida-empresa.jpg","contentUrl":"https:\/\/canmauri.com\/wp-content\/uploads\/2024\/01\/comida-empresa.jpg","width":2000,"height":1414,"caption":"Con nosotros no te decepcionar\u00e1 para la comida de empresa"},{"@type":"BreadcrumbList","@id":"https:\/\/canmauri.com\/ca\/can-mauri-lexcel%c2%b7lencia-en-esdeveniments-corporatius-amb-la-distincio-del-menjar-dempresa\/#breadcrumb","itemListElement":[{"@type":"ListItem","position":1,"name":"Portada","item":"https:\/\/canmauri.com\/ca\/"},{"@type":"ListItem","position":2,"name":"Can Mauri: L&#8217;excel\u00b7l\u00e8ncia en esdeveniments corporatius amb la distinci\u00f3 del menjar d&#8217;empresa"}]},{"@type":"WebSite","@id":"https:\/\/canmauri.com\/#website","url":"https:\/\/canmauri.com\/","name":"Can Mauri","description":"","potentialAction":[{"@type":"SearchAction","target":{"@type":"EntryPoint","urlTemplate":"https:\/\/canmauri.com\/?s={search_term_string}"},"query-input":{"@type":"PropertyValueSpecification","valueRequired":true,"valueName":"search_term_string"}}],"inLanguage":"ca"},{"@type":"Person","@id":"https:\/\/canmauri.com\/#\/schema\/person\/8baffb7080a77a162a8a5f95372b69bd","name":"Administradores","image":{"@type":"ImageObject","inLanguage":"ca","@id":"https:\/\/canmauri.com\/#\/schema\/person\/image\/","url":"https:\/\/secure.gravatar.com\/avatar\/74706914812c3b473b95a5253410b33d71c50bf5f0d5423532bc0afa617d4316?s=96&d=mm&r=g","contentUrl":"https:\/\/secure.gravatar.com\/avatar\/74706914812c3b473b95a5253410b33d71c50bf5f0d5423532bc0afa617d4316?s=96&d=mm&r=g","caption":"Administradores"},"url":"https:\/\/canmauri.com\/ca\/author\/administradores\/"}]}},"_links":{"self":[{"href":"https:\/\/canmauri.com\/ca\/wp-json\/wp\/v2\/posts\/7598","targetHints":{"allow":["GET"]}}],"collection":[{"href":"https:\/\/canmauri.com\/ca\/wp-json\/wp\/v2\/posts"}],"about":[{"href":"https:\/\/canmauri.com\/ca\/wp-json\/wp\/v2\/types\/post"}],"author":[{"embeddable":true,"href":"https:\/\/canmauri.com\/ca\/wp-json\/wp\/v2\/users\/7"}],"replies":[{"embeddable":true,"href":"https:\/\/canmauri.com\/ca\/wp-json\/wp\/v2\/comments?post=7598"}],"version-history":[{"count":1,"href":"https:\/\/canmauri.com\/ca\/wp-json\/wp\/v2\/posts\/7598\/revisions"}],"predecessor-version":[{"id":7601,"href":"https:\/\/canmauri.com\/ca\/wp-json\/wp\/v2\/posts\/7598\/revisions\/7601"}],"wp:featuredmedia":[{"embeddable":true,"href":"https:\/\/canmauri.com\/ca\/wp-json\/wp\/v2\/media\/6589"}],"wp:attachment":[{"href":"https:\/\/canmauri.com\/ca\/wp-json\/wp\/v2\/media?parent=7598"}],"wp:term":[{"taxonomy":"category","embeddable":true,"href":"https:\/\/canmauri.com\/ca\/wp-json\/wp\/v2\/categories?post=7598"},{"taxonomy":"post_tag","embeddable":true,"href":"https:\/\/canmauri.com\/ca\/wp-json\/wp\/v2\/tags?post=7598"}],"curies":[{"name":"wp","href":"https:\/\/api.w.org\/{rel}","templated":true}]}}