{"id":7596,"date":"2024-01-16T11:02:01","date_gmt":"2024-01-16T10:02:01","guid":{"rendered":"https:\/\/canmauri.com\/?p=7596"},"modified":"2025-06-20T13:03:03","modified_gmt":"2025-06-20T11:03:03","slug":"sabor-autentic-amb-els-calcots-de-temporada-en-can-mauri","status":"publish","type":"post","link":"https:\/\/canmauri.com\/ca\/sabor-autentic-amb-els-calcots-de-temporada-en-can-mauri\/","title":{"rendered":"Sabor aut\u00e8ntic amb els cal\u00e7ots de temporada en Can Mauri"},"content":{"rendered":"<h2 style=\"text-align: justify;\">Gaudeix d&#8217;un exquisit men\u00fa de cal\u00e7ots en el teu dest\u00ed culinari prop de Sabadell<\/h2>\n<p>En la cerca d&#8217;una experi\u00e8ncia culin\u00e0ria que combini tradici\u00f3, qualitat i sabor, Can Mauri s&#8217;erigeix com un referent gastron\u00f2mic prop de Sabadell. El nostre comprom\u00eds amb l&#8217;excel\u00b7l\u00e8ncia es reflecteix en la versatilitat dels nostres men\u00fas, especialment dissenyats per a satisfer tots els gustos i ocasions. I, per descomptat, no podr\u00edem deixar passar la temporada de cal\u00e7ots sense oferir un men\u00fa de cal\u00e7otada que delectar\u00e0 els vostres paladars.<\/p>\n<p>En Can Mauri, ens enorgullim de treballar amb productes locals i de temporada. I quin millor moment que la temporada de cal\u00e7ots per a demostrar el nostre comprom\u00eds amb la frescor i la qualitat. El nostre <a href=\"https:\/\/canmauri.com\/ca\/menu-calcotada\/\"><strong>men\u00fa de cal\u00e7ots prop de Sabadell<\/strong><\/a> \u00e9s una aut\u00e8ntica festa per als sentits, una experi\u00e8ncia gastron\u00f2mica que us transportar\u00e0 a l&#8217;ess\u00e8ncia mateixa de la cuina catalana.<\/p>\n<p><img decoding=\"async\" class=\"alignnone wp-image-6546 size-full lazyload\" data-src=\"https:\/\/canmauri.com\/wp-content\/uploads\/2024\/01\/menu-de-calcots-en-sbd.jpg\" alt=\"Disfruta de un buen men\u00fa de cal\u00e7ots cerca de Sabadell\" width=\"2000\" height=\"1414\" data-srcset=\"https:\/\/canmauri.com\/wp-content\/uploads\/2024\/01\/menu-de-calcots-en-sbd.jpg 2000w, https:\/\/canmauri.com\/wp-content\/uploads\/2024\/01\/menu-de-calcots-en-sbd-300x212.jpg 300w, https:\/\/canmauri.com\/wp-content\/uploads\/2024\/01\/menu-de-calcots-en-sbd-1024x724.jpg 1024w, https:\/\/canmauri.com\/wp-content\/uploads\/2024\/01\/menu-de-calcots-en-sbd-768x543.jpg 768w, https:\/\/canmauri.com\/wp-content\/uploads\/2024\/01\/menu-de-calcots-en-sbd-1536x1086.jpg 1536w, https:\/\/canmauri.com\/wp-content\/uploads\/2024\/01\/menu-de-calcots-en-sbd-320x226.jpg 320w\" data-sizes=\"(max-width: 2000px) 100vw, 2000px\" src=\"data:image\/svg+xml;base64,PHN2ZyB3aWR0aD0iMSIgaGVpZ2h0PSIxIiB4bWxucz0iaHR0cDovL3d3dy53My5vcmcvMjAwMC9zdmciPjwvc3ZnPg==\" style=\"--smush-placeholder-width: 2000px; --smush-placeholder-aspect-ratio: 2000\/1414;\" \/><\/p>\n<p>La nostra cuina \u00e9s el cor de Can Mauri. Sota la direcci\u00f3 del nostre xef Alex Ruano, hem elevat la frescor i la t\u00e8cnica per a ressaltar l&#8217;excel\u00b7l\u00e8ncia dels nostres ingredients. Aqu\u00ed, fusionem t\u00e8cniques modernes amb la tradici\u00f3, creant plats que honren la proximitat i l&#8217;autenticitat de les seves arrels.<\/p>\n<p>En Can Mauri, cada plat conta una hist\u00f2ria. Cada mos \u00e9s una celebraci\u00f3 de la riquesa culin\u00e0ria de la regi\u00f3. \u00c9s per aix\u00f2 que el nostre men\u00fa de cal\u00e7ots prop de Sabadell es converteix en una experi\u00e8ncia inoblidable per a tots els comensals. Des del primer cruixit del cal\u00e7ot fins a la sumptuosa salsa romesco que ho acompanya, cada element est\u00e0 acuradament elaborat per a despertar les vostres papil\u00b7les gustatives.<\/p>\n<p><img decoding=\"async\" class=\"alignnone wp-image-6550 size-full lazyload\" data-src=\"https:\/\/canmauri.com\/wp-content\/uploads\/2024\/01\/menu-de-calcots-Sabadell.jpg\" alt=\"Como hacemos nuestro men\u00fa de cal\u00e7ots\" width=\"2000\" height=\"1414\" data-srcset=\"https:\/\/canmauri.com\/wp-content\/uploads\/2024\/01\/menu-de-calcots-Sabadell.jpg 2000w, https:\/\/canmauri.com\/wp-content\/uploads\/2024\/01\/menu-de-calcots-Sabadell-300x212.jpg 300w, https:\/\/canmauri.com\/wp-content\/uploads\/2024\/01\/menu-de-calcots-Sabadell-1024x724.jpg 1024w, https:\/\/canmauri.com\/wp-content\/uploads\/2024\/01\/menu-de-calcots-Sabadell-768x543.jpg 768w, https:\/\/canmauri.com\/wp-content\/uploads\/2024\/01\/menu-de-calcots-Sabadell-1536x1086.jpg 1536w, https:\/\/canmauri.com\/wp-content\/uploads\/2024\/01\/menu-de-calcots-Sabadell-320x226.jpg 320w\" data-sizes=\"(max-width: 2000px) 100vw, 2000px\" src=\"data:image\/svg+xml;base64,PHN2ZyB3aWR0aD0iMSIgaGVpZ2h0PSIxIiB4bWxucz0iaHR0cDovL3d3dy53My5vcmcvMjAwMC9zdmciPjwvc3ZnPg==\" style=\"--smush-placeholder-width: 2000px; --smush-placeholder-aspect-ratio: 2000\/1414;\" \/><\/p>\n<h2 style=\"text-align: justify;\">Descobreix en Can Mauri el millor men\u00fa de cal\u00e7ots prop de Sabadell: Una experi\u00e8ncia Gastron\u00f2mica Inigualable<\/h2>\n<p>El nostre comprom\u00eds amb l&#8217;excel\u00b7l\u00e8ncia no sols radica en la qualitat dels plats, sin\u00f3 tamb\u00e9 en l&#8217;experi\u00e8ncia que oferim. En Can Mauri, ens esforcem per crear un ambient acollidor i un servei atent que complementi cada delici\u00f3s plat que servim. Cada detall \u00e9s acuradament considerat perqu\u00e8 la vostra visita sigui memorable.<\/p>\n<p>No hi ha res com gaudir d&#8217;un <strong>men\u00fa de cal\u00e7ots prop de Sabadell<\/strong> en un entorn \u00fanic i acollidor com el de Can Mauri. Des de grups petits fins a grans celebracions, el nostre espai est\u00e0 preparat per a rebre&#8217;t i brindar-te una experi\u00e8ncia culin\u00e0ria que perdurar\u00e0 en la teva mem\u00f2ria.<\/p>\n<p><img decoding=\"async\" class=\"alignnone wp-image-6552 size-full lazyload\" data-src=\"https:\/\/canmauri.com\/wp-content\/uploads\/2024\/01\/menu-de-calcots-cerca-de-Sabadell.jpg\" alt=\"Si te gustan los cal\u00e7ots te encantara nuestro men\u00fa de cal\u00e7ots\" width=\"2000\" height=\"1414\" data-srcset=\"https:\/\/canmauri.com\/wp-content\/uploads\/2024\/01\/menu-de-calcots-cerca-de-Sabadell.jpg 2000w, https:\/\/canmauri.com\/wp-content\/uploads\/2024\/01\/menu-de-calcots-cerca-de-Sabadell-300x212.jpg 300w, https:\/\/canmauri.com\/wp-content\/uploads\/2024\/01\/menu-de-calcots-cerca-de-Sabadell-1024x724.jpg 1024w, https:\/\/canmauri.com\/wp-content\/uploads\/2024\/01\/menu-de-calcots-cerca-de-Sabadell-768x543.jpg 768w, https:\/\/canmauri.com\/wp-content\/uploads\/2024\/01\/menu-de-calcots-cerca-de-Sabadell-1536x1086.jpg 1536w, https:\/\/canmauri.com\/wp-content\/uploads\/2024\/01\/menu-de-calcots-cerca-de-Sabadell-320x226.jpg 320w\" data-sizes=\"(max-width: 2000px) 100vw, 2000px\" src=\"data:image\/svg+xml;base64,PHN2ZyB3aWR0aD0iMSIgaGVpZ2h0PSIxIiB4bWxucz0iaHR0cDovL3d3dy53My5vcmcvMjAwMC9zdmciPjwvc3ZnPg==\" style=\"--smush-placeholder-width: 2000px; --smush-placeholder-aspect-ratio: 2000\/1414;\" \/><\/p>\n<p>En resum, si busques un <strong>men\u00fa de cal\u00e7ots prop de Sabadell<\/strong> que combini la frescor dels productes locals, la tradici\u00f3 culin\u00e0ria i un servei excepcional, Can Mauri \u00e9s el dest\u00ed ideal. El nostre men\u00fa de cal\u00e7otada \u00e9s el resultat de la passi\u00f3 pel bon menjar i el desig d&#8217;oferir una experi\u00e8ncia gastron\u00f2mica \u00fanica.<\/p>\n<p>Veuen a Can Mauri i deixa&#8217;t captivar pel sabor aut\u00e8ntic de la temporada de cal\u00e7ots. Reserva ara i descobreix per qu\u00e8 som el lloc preferit per a aquells que busquen una experi\u00e8ncia culin\u00e0ria inoblidable prop de Sabadell.<\/p>\n<p>T&#8217;esperem en Can Mauri per a gaudir junts de la temporada de cal\u00e7ots i viure una experi\u00e8ncia gastron\u00f2mica inigualable!<\/p>\n","protected":false},"excerpt":{"rendered":"<p>Gaudeix d&#8217;un exquisit men\u00fa de cal\u00e7ots en el teu dest\u00ed culinari prop de Sabadell En la cerca d&#8217;una experi\u00e8ncia culin\u00e0ria que combini tradici\u00f3, qualitat i sabor, Can Mauri s&#8217;erigeix com un referent gastron\u00f2mic prop de Sabadell. El nostre comprom\u00eds amb l&#8217;excel\u00b7l\u00e8ncia es reflecteix en la versatilitat dels nostres men\u00fas, especialment dissenyats per a satisfer tots els gustos i ocasions. I,<\/p>\n<div class=\"h10\"><\/div>\n<p><a class=\"more-link1\" href=\"https:\/\/canmauri.com\/ca\/sabor-autentic-amb-els-calcots-de-temporada-en-can-mauri\/\">Read more<\/a><\/p>\n","protected":false},"author":7,"featured_media":6549,"comment_status":"closed","ping_status":"closed","sticky":false,"template":"","format":"standard","meta":{"_vp_format_video_url":"","_vp_image_focal_point":[],"footnotes":""},"categories":[4],"tags":[],"class_list":["post-7596","post","type-post","status-publish","format-standard","has-post-thumbnail","hentry","category-sense-categoria"],"yoast_head":"<!-- This site is optimized with the Yoast SEO plugin v26.2 - https:\/\/yoast.com\/wordpress\/plugins\/seo\/ -->\n<title>Sabor aut\u00e8ntic amb els cal\u00e7ots de temporada en Can Mauri - Can Mauri<\/title>\n<meta name=\"robots\" content=\"index, follow, max-snippet:-1, max-image-preview:large, max-video-preview:-1\" \/>\n<link rel=\"canonical\" href=\"https:\/\/canmauri.com\/ca\/sabor-autentic-amb-els-calcots-de-temporada-en-can-mauri\/\" \/>\n<meta property=\"og:locale\" content=\"ca_ES\" \/>\n<meta property=\"og:type\" content=\"article\" \/>\n<meta property=\"og:title\" content=\"Sabor aut\u00e8ntic amb els cal\u00e7ots de temporada en Can Mauri - Can Mauri\" \/>\n<meta property=\"og:description\" content=\"Gaudeix d&#8217;un exquisit men\u00fa de cal\u00e7ots en el teu dest\u00ed culinari prop de Sabadell En la cerca d&#8217;una experi\u00e8ncia culin\u00e0ria que combini tradici\u00f3, qualitat i sabor, Can Mauri s&#8217;erigeix com un referent gastron\u00f2mic prop de Sabadell. El nostre comprom\u00eds amb l&#8217;excel\u00b7l\u00e8ncia es reflecteix en la versatilitat dels nostres men\u00fas, especialment dissenyats per a satisfer tots els gustos i ocasions. I,Read more\" \/>\n<meta property=\"og:url\" content=\"https:\/\/canmauri.com\/ca\/sabor-autentic-amb-els-calcots-de-temporada-en-can-mauri\/\" \/>\n<meta property=\"og:site_name\" content=\"Can Mauri\" \/>\n<meta property=\"article:published_time\" content=\"2024-01-16T10:02:01+00:00\" \/>\n<meta property=\"article:modified_time\" content=\"2025-06-20T11:03:03+00:00\" \/>\n<meta property=\"og:image\" content=\"https:\/\/canmauri.com\/wp-content\/uploads\/2024\/01\/menu-de-calcots-en-Sabadell.jpg\" \/>\n\t<meta property=\"og:image:width\" content=\"2000\" \/>\n\t<meta property=\"og:image:height\" content=\"1414\" \/>\n\t<meta property=\"og:image:type\" content=\"image\/jpeg\" \/>\n<meta name=\"author\" content=\"Administradores\" \/>\n<meta name=\"twitter:card\" content=\"summary_large_image\" \/>\n<meta name=\"twitter:label1\" content=\"Escrit per\" \/>\n\t<meta name=\"twitter:data1\" content=\"Administradores\" \/>\n\t<meta name=\"twitter:label2\" content=\"Temps estimat de lectura\" \/>\n\t<meta name=\"twitter:data2\" content=\"3 minuts\" \/>\n<script type=\"application\/ld+json\" class=\"yoast-schema-graph\">{\"@context\":\"https:\/\/schema.org\",\"@graph\":[{\"@type\":\"WebPage\",\"@id\":\"https:\/\/canmauri.com\/ca\/sabor-autentic-amb-els-calcots-de-temporada-en-can-mauri\/\",\"url\":\"https:\/\/canmauri.com\/ca\/sabor-autentic-amb-els-calcots-de-temporada-en-can-mauri\/\",\"name\":\"Sabor aut\u00e8ntic amb els cal\u00e7ots de temporada en Can Mauri - Can Mauri\",\"isPartOf\":{\"@id\":\"https:\/\/canmauri.com\/#website\"},\"primaryImageOfPage\":{\"@id\":\"https:\/\/canmauri.com\/ca\/sabor-autentic-amb-els-calcots-de-temporada-en-can-mauri\/#primaryimage\"},\"image\":{\"@id\":\"https:\/\/canmauri.com\/ca\/sabor-autentic-amb-els-calcots-de-temporada-en-can-mauri\/#primaryimage\"},\"thumbnailUrl\":\"https:\/\/canmauri.com\/wp-content\/uploads\/2024\/01\/menu-de-calcots-en-Sabadell.jpg\",\"datePublished\":\"2024-01-16T10:02:01+00:00\",\"dateModified\":\"2025-06-20T11:03:03+00:00\",\"author\":{\"@id\":\"https:\/\/canmauri.com\/#\/schema\/person\/8baffb7080a77a162a8a5f95372b69bd\"},\"breadcrumb\":{\"@id\":\"https:\/\/canmauri.com\/ca\/sabor-autentic-amb-els-calcots-de-temporada-en-can-mauri\/#breadcrumb\"},\"inLanguage\":\"ca\",\"potentialAction\":[{\"@type\":\"ReadAction\",\"target\":[\"https:\/\/canmauri.com\/ca\/sabor-autentic-amb-els-calcots-de-temporada-en-can-mauri\/\"]}]},{\"@type\":\"ImageObject\",\"inLanguage\":\"ca\",\"@id\":\"https:\/\/canmauri.com\/ca\/sabor-autentic-amb-els-calcots-de-temporada-en-can-mauri\/#primaryimage\",\"url\":\"https:\/\/canmauri.com\/wp-content\/uploads\/2024\/01\/menu-de-calcots-en-Sabadell.jpg\",\"contentUrl\":\"https:\/\/canmauri.com\/wp-content\/uploads\/2024\/01\/menu-de-calcots-en-Sabadell.jpg\",\"width\":2000,\"height\":1414,\"caption\":\"Ven y disfruta de nuestro men\u00fa de cal\u00e7ots\"},{\"@type\":\"BreadcrumbList\",\"@id\":\"https:\/\/canmauri.com\/ca\/sabor-autentic-amb-els-calcots-de-temporada-en-can-mauri\/#breadcrumb\",\"itemListElement\":[{\"@type\":\"ListItem\",\"position\":1,\"name\":\"Portada\",\"item\":\"https:\/\/canmauri.com\/ca\/\"},{\"@type\":\"ListItem\",\"position\":2,\"name\":\"Sabor aut\u00e8ntic amb els cal\u00e7ots de temporada en Can Mauri\"}]},{\"@type\":\"WebSite\",\"@id\":\"https:\/\/canmauri.com\/#website\",\"url\":\"https:\/\/canmauri.com\/\",\"name\":\"Can Mauri\",\"description\":\"\",\"potentialAction\":[{\"@type\":\"SearchAction\",\"target\":{\"@type\":\"EntryPoint\",\"urlTemplate\":\"https:\/\/canmauri.com\/?s={search_term_string}\"},\"query-input\":{\"@type\":\"PropertyValueSpecification\",\"valueRequired\":true,\"valueName\":\"search_term_string\"}}],\"inLanguage\":\"ca\"},{\"@type\":\"Person\",\"@id\":\"https:\/\/canmauri.com\/#\/schema\/person\/8baffb7080a77a162a8a5f95372b69bd\",\"name\":\"Administradores\",\"image\":{\"@type\":\"ImageObject\",\"inLanguage\":\"ca\",\"@id\":\"https:\/\/canmauri.com\/#\/schema\/person\/image\/\",\"url\":\"https:\/\/secure.gravatar.com\/avatar\/74706914812c3b473b95a5253410b33d71c50bf5f0d5423532bc0afa617d4316?s=96&d=mm&r=g\",\"contentUrl\":\"https:\/\/secure.gravatar.com\/avatar\/74706914812c3b473b95a5253410b33d71c50bf5f0d5423532bc0afa617d4316?s=96&d=mm&r=g\",\"caption\":\"Administradores\"},\"url\":\"https:\/\/canmauri.com\/ca\/author\/administradores\/\"}]}<\/script>\n<!-- \/ Yoast SEO plugin. -->","yoast_head_json":{"title":"Sabor aut\u00e8ntic amb els cal\u00e7ots de temporada en Can Mauri - Can Mauri","robots":{"index":"index","follow":"follow","max-snippet":"max-snippet:-1","max-image-preview":"max-image-preview:large","max-video-preview":"max-video-preview:-1"},"canonical":"https:\/\/canmauri.com\/ca\/sabor-autentic-amb-els-calcots-de-temporada-en-can-mauri\/","og_locale":"ca_ES","og_type":"article","og_title":"Sabor aut\u00e8ntic amb els cal\u00e7ots de temporada en Can Mauri - Can Mauri","og_description":"Gaudeix d&#8217;un exquisit men\u00fa de cal\u00e7ots en el teu dest\u00ed culinari prop de Sabadell En la cerca d&#8217;una experi\u00e8ncia culin\u00e0ria que combini tradici\u00f3, qualitat i sabor, Can Mauri s&#8217;erigeix com un referent gastron\u00f2mic prop de Sabadell. El nostre comprom\u00eds amb l&#8217;excel\u00b7l\u00e8ncia es reflecteix en la versatilitat dels nostres men\u00fas, especialment dissenyats per a satisfer tots els gustos i ocasions. I,Read more","og_url":"https:\/\/canmauri.com\/ca\/sabor-autentic-amb-els-calcots-de-temporada-en-can-mauri\/","og_site_name":"Can Mauri","article_published_time":"2024-01-16T10:02:01+00:00","article_modified_time":"2025-06-20T11:03:03+00:00","og_image":[{"width":2000,"height":1414,"url":"https:\/\/canmauri.com\/wp-content\/uploads\/2024\/01\/menu-de-calcots-en-Sabadell.jpg","type":"image\/jpeg"}],"author":"Administradores","twitter_card":"summary_large_image","twitter_misc":{"Escrit per":"Administradores","Temps estimat de lectura":"3 minuts"},"schema":{"@context":"https:\/\/schema.org","@graph":[{"@type":"WebPage","@id":"https:\/\/canmauri.com\/ca\/sabor-autentic-amb-els-calcots-de-temporada-en-can-mauri\/","url":"https:\/\/canmauri.com\/ca\/sabor-autentic-amb-els-calcots-de-temporada-en-can-mauri\/","name":"Sabor aut\u00e8ntic amb els cal\u00e7ots de temporada en Can Mauri - Can Mauri","isPartOf":{"@id":"https:\/\/canmauri.com\/#website"},"primaryImageOfPage":{"@id":"https:\/\/canmauri.com\/ca\/sabor-autentic-amb-els-calcots-de-temporada-en-can-mauri\/#primaryimage"},"image":{"@id":"https:\/\/canmauri.com\/ca\/sabor-autentic-amb-els-calcots-de-temporada-en-can-mauri\/#primaryimage"},"thumbnailUrl":"https:\/\/canmauri.com\/wp-content\/uploads\/2024\/01\/menu-de-calcots-en-Sabadell.jpg","datePublished":"2024-01-16T10:02:01+00:00","dateModified":"2025-06-20T11:03:03+00:00","author":{"@id":"https:\/\/canmauri.com\/#\/schema\/person\/8baffb7080a77a162a8a5f95372b69bd"},"breadcrumb":{"@id":"https:\/\/canmauri.com\/ca\/sabor-autentic-amb-els-calcots-de-temporada-en-can-mauri\/#breadcrumb"},"inLanguage":"ca","potentialAction":[{"@type":"ReadAction","target":["https:\/\/canmauri.com\/ca\/sabor-autentic-amb-els-calcots-de-temporada-en-can-mauri\/"]}]},{"@type":"ImageObject","inLanguage":"ca","@id":"https:\/\/canmauri.com\/ca\/sabor-autentic-amb-els-calcots-de-temporada-en-can-mauri\/#primaryimage","url":"https:\/\/canmauri.com\/wp-content\/uploads\/2024\/01\/menu-de-calcots-en-Sabadell.jpg","contentUrl":"https:\/\/canmauri.com\/wp-content\/uploads\/2024\/01\/menu-de-calcots-en-Sabadell.jpg","width":2000,"height":1414,"caption":"Ven y disfruta de nuestro men\u00fa de cal\u00e7ots"},{"@type":"BreadcrumbList","@id":"https:\/\/canmauri.com\/ca\/sabor-autentic-amb-els-calcots-de-temporada-en-can-mauri\/#breadcrumb","itemListElement":[{"@type":"ListItem","position":1,"name":"Portada","item":"https:\/\/canmauri.com\/ca\/"},{"@type":"ListItem","position":2,"name":"Sabor aut\u00e8ntic amb els cal\u00e7ots de temporada en Can Mauri"}]},{"@type":"WebSite","@id":"https:\/\/canmauri.com\/#website","url":"https:\/\/canmauri.com\/","name":"Can Mauri","description":"","potentialAction":[{"@type":"SearchAction","target":{"@type":"EntryPoint","urlTemplate":"https:\/\/canmauri.com\/?s={search_term_string}"},"query-input":{"@type":"PropertyValueSpecification","valueRequired":true,"valueName":"search_term_string"}}],"inLanguage":"ca"},{"@type":"Person","@id":"https:\/\/canmauri.com\/#\/schema\/person\/8baffb7080a77a162a8a5f95372b69bd","name":"Administradores","image":{"@type":"ImageObject","inLanguage":"ca","@id":"https:\/\/canmauri.com\/#\/schema\/person\/image\/","url":"https:\/\/secure.gravatar.com\/avatar\/74706914812c3b473b95a5253410b33d71c50bf5f0d5423532bc0afa617d4316?s=96&d=mm&r=g","contentUrl":"https:\/\/secure.gravatar.com\/avatar\/74706914812c3b473b95a5253410b33d71c50bf5f0d5423532bc0afa617d4316?s=96&d=mm&r=g","caption":"Administradores"},"url":"https:\/\/canmauri.com\/ca\/author\/administradores\/"}]}},"_links":{"self":[{"href":"https:\/\/canmauri.com\/ca\/wp-json\/wp\/v2\/posts\/7596","targetHints":{"allow":["GET"]}}],"collection":[{"href":"https:\/\/canmauri.com\/ca\/wp-json\/wp\/v2\/posts"}],"about":[{"href":"https:\/\/canmauri.com\/ca\/wp-json\/wp\/v2\/types\/post"}],"author":[{"embeddable":true,"href":"https:\/\/canmauri.com\/ca\/wp-json\/wp\/v2\/users\/7"}],"replies":[{"embeddable":true,"href":"https:\/\/canmauri.com\/ca\/wp-json\/wp\/v2\/comments?post=7596"}],"version-history":[{"count":1,"href":"https:\/\/canmauri.com\/ca\/wp-json\/wp\/v2\/posts\/7596\/revisions"}],"predecessor-version":[{"id":7597,"href":"https:\/\/canmauri.com\/ca\/wp-json\/wp\/v2\/posts\/7596\/revisions\/7597"}],"wp:featuredmedia":[{"embeddable":true,"href":"https:\/\/canmauri.com\/ca\/wp-json\/wp\/v2\/media\/6549"}],"wp:attachment":[{"href":"https:\/\/canmauri.com\/ca\/wp-json\/wp\/v2\/media?parent=7596"}],"wp:term":[{"taxonomy":"category","embeddable":true,"href":"https:\/\/canmauri.com\/ca\/wp-json\/wp\/v2\/categories?post=7596"},{"taxonomy":"post_tag","embeddable":true,"href":"https:\/\/canmauri.com\/ca\/wp-json\/wp\/v2\/tags?post=7596"}],"curies":[{"name":"wp","href":"https:\/\/api.w.org\/{rel}","templated":true}]}}