{"id":7504,"date":"2025-06-05T12:26:49","date_gmt":"2025-06-05T10:26:49","guid":{"rendered":"https:\/\/canmauri.com\/?p=7504"},"modified":"2025-06-06T12:58:11","modified_gmt":"2025-06-06T10:58:11","slug":"que-ha-de-tenir-un-bon-menu-per-a-esdeveniments-corporatius","status":"publish","type":"post","link":"https:\/\/canmauri.com\/ca\/que-ha-de-tenir-un-bon-menu-per-a-esdeveniments-corporatius\/","title":{"rendered":"Qu\u00e8 ha de tenir un bon men\u00fa per a esdeveniments corporatius"},"content":{"rendered":"<h2><strong data-start=\"65\" data-end=\"166\">Formats, claus i recomanacions per encertar amb la proposta gastron\u00f2mica en entorns professionals<\/strong><\/h2>\n<p>Els esdeveniments corporatius s\u00f3n una eina clau en l\u2019estrat\u00e8gia de comunicaci\u00f3 interna i externa de moltes empreses. Des de reunions anuals i celebracions d\u2019equip fins a presentacions de producte o jornades de formaci\u00f3, aquest tipus de trobades requereix una planificaci\u00f3 acurada. Un dels elements amb m\u00e9s pes en l\u2019experi\u00e8ncia global dels assistents \u00e9s el men\u00fa. Escollir un bon <a href=\"https:\/\/canmauri.com\/menu-para-eventos-corporativos-en-sabadell\/\"><strong data-start=\"547\" data-end=\"598\">men\u00fa per a esdeveniments corporatius a Sabadell<\/strong><\/a> no nom\u00e9s garanteix un bon \u00e0pat, sin\u00f3 que pot influir directament en l\u2019\u00e8xit de l\u2019acte.<\/p>\n<p><img decoding=\"async\" class=\"alignnone size-full wp-image-7518 lazyload\" data-src=\"https:\/\/canmauri.com\/wp-content\/uploads\/2025\/06\/menu-para-eventos-corporativos-en-Sabadell-4-1.jpg\" alt=\"\" width=\"2000\" height=\"1414\" data-srcset=\"https:\/\/canmauri.com\/wp-content\/uploads\/2025\/06\/menu-para-eventos-corporativos-en-Sabadell-4-1.jpg 2000w, https:\/\/canmauri.com\/wp-content\/uploads\/2025\/06\/menu-para-eventos-corporativos-en-Sabadell-4-1-300x212.jpg 300w, https:\/\/canmauri.com\/wp-content\/uploads\/2025\/06\/menu-para-eventos-corporativos-en-Sabadell-4-1-1024x724.jpg 1024w, https:\/\/canmauri.com\/wp-content\/uploads\/2025\/06\/menu-para-eventos-corporativos-en-Sabadell-4-1-768x543.jpg 768w, https:\/\/canmauri.com\/wp-content\/uploads\/2025\/06\/menu-para-eventos-corporativos-en-Sabadell-4-1-1536x1086.jpg 1536w, https:\/\/canmauri.com\/wp-content\/uploads\/2025\/06\/menu-para-eventos-corporativos-en-Sabadell-4-1-320x226.jpg 320w\" data-sizes=\"(max-width: 2000px) 100vw, 2000px\" src=\"data:image\/svg+xml;base64,PHN2ZyB3aWR0aD0iMSIgaGVpZ2h0PSIxIiB4bWxucz0iaHR0cDovL3d3dy53My5vcmcvMjAwMC9zdmciPjwvc3ZnPg==\" style=\"--smush-placeholder-width: 2000px; --smush-placeholder-aspect-ratio: 2000\/1414;\" \/><\/p>\n<h2 data-start=\"691\" data-end=\"1120\"><strong data-start=\"691\" data-end=\"741\">El paper del men\u00fa en un esdeveniment d\u2019empresa<\/strong><\/h2>\n<p data-start=\"691\" data-end=\"1120\">M\u00e9s enll\u00e0 del que \u00e9s purament alimentari, el men\u00fa forma part del discurs de l\u2019esdeveniment. Pot reflectir l\u2019estil de l\u2019empresa, la seva cultura, els seus valors o fins i tot el seu comprom\u00eds amb la sostenibilitat. Una proposta gastron\u00f2mica adequada ajuda a crear un ambient dist\u00e8s, afavoreix les relacions entre assistents i converteix la jornada en una experi\u00e8ncia memorable.<\/p>\n<p data-start=\"1122\" data-end=\"1323\">Un men\u00fa mal triat \u2014massa pesat, poc variat, desorganitzat o inadequat pel moment del dia\u2014 pot generar incomoditat, manca de connexi\u00f3 entre els assistents i fins i tot una mala imatge de l\u2019organitzaci\u00f3.<\/p>\n<h3 data-start=\"1330\" data-end=\"1384\"><strong data-start=\"1330\" data-end=\"1382\">Formats habituals segons el tipus d\u2019esdeveniment<\/strong><\/h3>\n<p data-start=\"1387\" data-end=\"1539\"><strong data-start=\"1387\" data-end=\"1414\">-Lunch corporatiu de peu<\/strong>: Bocados freds i calents servits per cambrers o en estacions. Ideal per a trobades informals i per afavorir la interacci\u00f3.<\/p>\n<p data-start=\"1542\" data-end=\"1660\"><strong data-start=\"1542\" data-end=\"1558\">-Men\u00fa a taula<\/strong>: Per a esdeveniments m\u00e9s formals. Inclou entrant, plat principal i postres amb servei professional.<\/p>\n<p data-start=\"1663\" data-end=\"1872\"><strong data-start=\"1663\" data-end=\"1690\">-Showcooking i estacions<\/strong>: Cuiners preparant plats en directe, aportant valor experiencial i participaci\u00f3. Pot formar part d\u2019un <strong data-start=\"1793\" data-end=\"1844\">men\u00fa per a esdeveniments corporatius a Sabadell<\/strong> m\u00e9s din\u00e0mic i participatiu.<\/p>\n<p><img decoding=\"async\" class=\"alignnone size-full wp-image-7520 lazyload\" data-src=\"https:\/\/canmauri.com\/wp-content\/uploads\/2025\/06\/menu-para-eventos-corporativos-en-Sabadell-1.jpg\" alt=\"\" width=\"2000\" height=\"1414\" data-srcset=\"https:\/\/canmauri.com\/wp-content\/uploads\/2025\/06\/menu-para-eventos-corporativos-en-Sabadell-1.jpg 2000w, https:\/\/canmauri.com\/wp-content\/uploads\/2025\/06\/menu-para-eventos-corporativos-en-Sabadell-1-300x212.jpg 300w, https:\/\/canmauri.com\/wp-content\/uploads\/2025\/06\/menu-para-eventos-corporativos-en-Sabadell-1-1024x724.jpg 1024w, https:\/\/canmauri.com\/wp-content\/uploads\/2025\/06\/menu-para-eventos-corporativos-en-Sabadell-1-768x543.jpg 768w, https:\/\/canmauri.com\/wp-content\/uploads\/2025\/06\/menu-para-eventos-corporativos-en-Sabadell-1-1536x1086.jpg 1536w, https:\/\/canmauri.com\/wp-content\/uploads\/2025\/06\/menu-para-eventos-corporativos-en-Sabadell-1-320x226.jpg 320w\" data-sizes=\"(max-width: 2000px) 100vw, 2000px\" src=\"data:image\/svg+xml;base64,PHN2ZyB3aWR0aD0iMSIgaGVpZ2h0PSIxIiB4bWxucz0iaHR0cDovL3d3dy53My5vcmcvMjAwMC9zdmciPjwvc3ZnPg==\" style=\"--smush-placeholder-width: 2000px; --smush-placeholder-aspect-ratio: 2000\/1414;\" \/><\/p>\n<h2><strong data-start=\"1879\" data-end=\"1931\">Contingut i criteris per a una proposta adequada<\/strong><\/h2>\n<p data-start=\"1936\" data-end=\"2029\"><strong data-start=\"1936\" data-end=\"1965\">-Prefer\u00e8ncies aliment\u00e0ries<\/strong>: Opcions vegetarianes, veganes, sense gluten o sense lactosa.<\/p>\n<p data-start=\"2032\" data-end=\"2134\"><strong data-start=\"2032\" data-end=\"2058\">-Temporada i proximitat<\/strong>: Productes frescos i locals que reforcen la qualitat i la sostenibilitat.<\/p>\n<p data-start=\"2137\" data-end=\"2226\"><strong data-start=\"2137\" data-end=\"2171\">-Presentaci\u00f3 i ritme del servei<\/strong>: Import\u00e0ncia de l\u2019est\u00e8tica i l\u2019agilitat entre plats.<\/p>\n<p data-start=\"2137\" data-end=\"2226\"><strong data-start=\"2229\" data-end=\"2266\">-Durada i horari de l\u2019esdeveniment<\/strong>: Coffee breaks, \u00e0pats lleugers o sopars complets segons el cas.<\/p>\n<p data-start=\"2332\" data-end=\"2474\">Tamb\u00e9 \u00e9s recomanable fer proves de men\u00fa, confirmar el nombre d\u2019assistents amb antelaci\u00f3 i comunicar al c\u00e0tering qualsevol necessitat especial.<\/p>\n<p data-start=\"2481\" data-end=\"2704\"><strong data-start=\"2481\" data-end=\"2525\">Espai, organitzaci\u00f3 i experi\u00e8ncia global<br \/>\n<\/strong><br data-start=\"2525\" data-end=\"2528\" \/>El men\u00fa ha d\u2019estar en sintonia amb l\u2019espai. Un bon \u00e0pat pot perdre efecte si el lloc \u00e9s inc\u00f2mode o mal organitzat. El muntatge, el servei i el ritme han d\u2019estar ben coordinats.<\/p>\n<p data-start=\"2706\" data-end=\"2946\">Espais amb ambients diversos (interior\/exterior) permeten adaptar l\u2019esdeveniment a la climatologia i al nombre de comensals. Un aperitiu a l\u2019aire lliure pot aportar molt valor. Un bon servei inclou flu\u00efdesa, atenci\u00f3 i respecte pel programa.<\/p>\n<p data-start=\"2948\" data-end=\"3133\">Tots aquests detalls formen part d\u2019un <strong data-start=\"2986\" data-end=\"3037\">men\u00fa per a esdeveniments corporatius a Sabadell<\/strong> ben pensat, on l\u2019experi\u00e8ncia no nom\u00e9s \u00e9s el que es menja, sin\u00f3 tamb\u00e9 com, quan i on es serveix.<\/p>\n<h2 data-start=\"3140\" data-end=\"3187\"><strong data-start=\"3140\" data-end=\"3185\">Tend\u00e8ncies actuals en men\u00fas per a empresa<\/strong><\/h2>\n<p data-start=\"3190\" data-end=\"3275\"><strong data-start=\"3190\" data-end=\"3227\">-Alimentaci\u00f3 saludable i conscient<\/strong>: Plats lleugers, vegetals i menys processats.<\/p>\n<p data-start=\"3278\" data-end=\"3344\"><strong data-start=\"3278\" data-end=\"3313\">-Cuina de temporada i proximitat<\/strong>: Productes locals i frescos.<\/p>\n<p data-start=\"3347\" data-end=\"3441\"><strong data-start=\"3347\" data-end=\"3372\">-Formats participatius<\/strong>: Estacions de showcooking tem\u00e0tiques (sushi, croquetes, graella\u2026).<\/p>\n<p data-start=\"3444\" data-end=\"3516\"><strong data-start=\"3444\" data-end=\"3475\">-Postres creatius i lleugers<\/strong>: Per acabar el men\u00fa de manera agradable.<\/p>\n<p data-start=\"3518\" data-end=\"3699\">Aquestes tend\u00e8ncies s\u00f3n cada cop m\u00e9s comunes en qualsevol proposta moderna de <strong data-start=\"3596\" data-end=\"3647\">men\u00fa per a esdeveniments corporatius a Sabadell<\/strong>, tant per a grans actes com per a reunions petites.<\/p>\n<p data-start=\"3518\" data-end=\"3699\"><img decoding=\"async\" class=\"alignnone size-full wp-image-7516 lazyload\" data-src=\"https:\/\/canmauri.com\/wp-content\/uploads\/2025\/06\/menu-para-eventos-corporativos-en-Sabadell-3-1.jpg\" alt=\"\" width=\"2000\" height=\"1414\" data-srcset=\"https:\/\/canmauri.com\/wp-content\/uploads\/2025\/06\/menu-para-eventos-corporativos-en-Sabadell-3-1.jpg 2000w, https:\/\/canmauri.com\/wp-content\/uploads\/2025\/06\/menu-para-eventos-corporativos-en-Sabadell-3-1-300x212.jpg 300w, https:\/\/canmauri.com\/wp-content\/uploads\/2025\/06\/menu-para-eventos-corporativos-en-Sabadell-3-1-1024x724.jpg 1024w, https:\/\/canmauri.com\/wp-content\/uploads\/2025\/06\/menu-para-eventos-corporativos-en-Sabadell-3-1-768x543.jpg 768w, https:\/\/canmauri.com\/wp-content\/uploads\/2025\/06\/menu-para-eventos-corporativos-en-Sabadell-3-1-1536x1086.jpg 1536w, https:\/\/canmauri.com\/wp-content\/uploads\/2025\/06\/menu-para-eventos-corporativos-en-Sabadell-3-1-320x226.jpg 320w\" data-sizes=\"(max-width: 2000px) 100vw, 2000px\" src=\"data:image\/svg+xml;base64,PHN2ZyB3aWR0aD0iMSIgaGVpZ2h0PSIxIiB4bWxucz0iaHR0cDovL3d3dy53My5vcmcvMjAwMC9zdmciPjwvc3ZnPg==\" style=\"--smush-placeholder-width: 2000px; --smush-placeholder-aspect-ratio: 2000\/1414;\" \/><\/p>\n<p data-start=\"3518\" data-end=\"3699\">Escollir el <strong>men\u00fa d\u2019un esdeveniment d\u2019empresa<\/strong> va molt m\u00e9s enll\u00e0 del gust o del pressupost. \u00c9s una decisi\u00f3 estrat\u00e8gica que afecta l\u2019experi\u00e8ncia dels assistents i la imatge de l\u2019organitzaci\u00f3. Un <strong data-start=\"3902\" data-end=\"3953\">men\u00fa per a esdeveniments corporatius a Sabadell<\/strong> ben dissenyat combina qualitat, varietat, adaptaci\u00f3 i una execuci\u00f3 cuidada. Invertir temps en planificar-lo b\u00e9 \u00e9s clau per assegurar l\u2019\u00e8xit, des del primer mos fins a l\u2019\u00faltim aplaudiment.<\/p>\n","protected":false},"excerpt":{"rendered":"<p>Formats, claus i recomanacions per encertar amb la proposta gastron\u00f2mica en entorns professionals Els esdeveniments corporatius s\u00f3n una eina clau en l\u2019estrat\u00e8gia de comunicaci\u00f3 interna i externa de moltes empreses. Des de reunions anuals i celebracions d\u2019equip fins a presentacions de producte o jornades de formaci\u00f3, aquest tipus de trobades requereix una planificaci\u00f3 acurada. Un dels elements amb m\u00e9s pes<\/p>\n<div class=\"h10\"><\/div>\n<p><a class=\"more-link1\" href=\"https:\/\/canmauri.com\/ca\/que-ha-de-tenir-un-bon-menu-per-a-esdeveniments-corporatius\/\">Read more<\/a><\/p>\n","protected":false},"author":7,"featured_media":7507,"comment_status":"closed","ping_status":"closed","sticky":false,"template":"","format":"standard","meta":{"_vp_format_video_url":"","_vp_image_focal_point":[],"footnotes":""},"categories":[317],"tags":[318],"class_list":["post-7504","post","type-post","status-publish","format-standard","has-post-thumbnail","hentry","category-menu-per-a-esdeveniments-corporatius-a-sabadell","tag-menu-per-a-esdeveniments-corporatius-a-sabadell"],"yoast_head":"<!-- This site is optimized with the Yoast SEO plugin v26.2 - https:\/\/yoast.com\/wordpress\/plugins\/seo\/ -->\n<title>Qu\u00e8 ha de tenir un bon men\u00fa per a esdeveniments corporatius - Can Mauri<\/title>\n<meta name=\"description\" content=\"Descobreix com un bon men\u00fa per a esdeveniments corporatius a Sabadell pot millorar l\u2019experi\u00e8ncia, refor\u00e7ar la imatge de marca.\" \/>\n<meta name=\"robots\" content=\"index, follow, max-snippet:-1, max-image-preview:large, max-video-preview:-1\" \/>\n<link rel=\"canonical\" href=\"https:\/\/canmauri.com\/ca\/que-ha-de-tenir-un-bon-menu-per-a-esdeveniments-corporatius\/\" \/>\n<meta property=\"og:locale\" content=\"ca_ES\" \/>\n<meta property=\"og:type\" content=\"article\" \/>\n<meta property=\"og:title\" content=\"Qu\u00e8 ha de tenir un bon men\u00fa per a esdeveniments corporatius - Can Mauri\" \/>\n<meta property=\"og:description\" content=\"Descobreix com un bon men\u00fa per a esdeveniments corporatius a Sabadell pot millorar l\u2019experi\u00e8ncia, refor\u00e7ar la imatge de marca.\" \/>\n<meta property=\"og:url\" content=\"https:\/\/canmauri.com\/ca\/que-ha-de-tenir-un-bon-menu-per-a-esdeveniments-corporatius\/\" \/>\n<meta property=\"og:site_name\" content=\"Can Mauri\" \/>\n<meta property=\"article:published_time\" content=\"2025-06-05T10:26:49+00:00\" \/>\n<meta property=\"article:modified_time\" content=\"2025-06-06T10:58:11+00:00\" \/>\n<meta property=\"og:image\" content=\"https:\/\/canmauri.com\/wp-content\/uploads\/2025\/06\/menu-para-eventos-corporativos-en-Sabadell-2.jpg\" \/>\n\t<meta property=\"og:image:width\" content=\"2000\" \/>\n\t<meta property=\"og:image:height\" content=\"1414\" \/>\n\t<meta property=\"og:image:type\" content=\"image\/jpeg\" \/>\n<meta name=\"author\" content=\"Administradores\" \/>\n<meta name=\"twitter:card\" content=\"summary_large_image\" \/>\n<meta name=\"twitter:label1\" content=\"Escrit per\" \/>\n\t<meta name=\"twitter:data1\" content=\"Administradores\" \/>\n\t<meta name=\"twitter:label2\" content=\"Temps estimat de lectura\" \/>\n\t<meta name=\"twitter:data2\" content=\"4 minuts\" \/>\n<script type=\"application\/ld+json\" class=\"yoast-schema-graph\">{\"@context\":\"https:\/\/schema.org\",\"@graph\":[{\"@type\":\"WebPage\",\"@id\":\"https:\/\/canmauri.com\/ca\/que-ha-de-tenir-un-bon-menu-per-a-esdeveniments-corporatius\/\",\"url\":\"https:\/\/canmauri.com\/ca\/que-ha-de-tenir-un-bon-menu-per-a-esdeveniments-corporatius\/\",\"name\":\"Qu\u00e8 ha de tenir un bon men\u00fa per a esdeveniments corporatius - Can Mauri\",\"isPartOf\":{\"@id\":\"https:\/\/canmauri.com\/#website\"},\"primaryImageOfPage\":{\"@id\":\"https:\/\/canmauri.com\/ca\/que-ha-de-tenir-un-bon-menu-per-a-esdeveniments-corporatius\/#primaryimage\"},\"image\":{\"@id\":\"https:\/\/canmauri.com\/ca\/que-ha-de-tenir-un-bon-menu-per-a-esdeveniments-corporatius\/#primaryimage\"},\"thumbnailUrl\":\"https:\/\/canmauri.com\/wp-content\/uploads\/2025\/06\/menu-para-eventos-corporativos-en-Sabadell-2.jpg\",\"datePublished\":\"2025-06-05T10:26:49+00:00\",\"dateModified\":\"2025-06-06T10:58:11+00:00\",\"author\":{\"@id\":\"https:\/\/canmauri.com\/#\/schema\/person\/8baffb7080a77a162a8a5f95372b69bd\"},\"description\":\"Descobreix com un bon men\u00fa per a esdeveniments corporatius a Sabadell pot millorar l\u2019experi\u00e8ncia, refor\u00e7ar la imatge de marca.\",\"breadcrumb\":{\"@id\":\"https:\/\/canmauri.com\/ca\/que-ha-de-tenir-un-bon-menu-per-a-esdeveniments-corporatius\/#breadcrumb\"},\"inLanguage\":\"ca\",\"potentialAction\":[{\"@type\":\"ReadAction\",\"target\":[\"https:\/\/canmauri.com\/ca\/que-ha-de-tenir-un-bon-menu-per-a-esdeveniments-corporatius\/\"]}]},{\"@type\":\"ImageObject\",\"inLanguage\":\"ca\",\"@id\":\"https:\/\/canmauri.com\/ca\/que-ha-de-tenir-un-bon-menu-per-a-esdeveniments-corporatius\/#primaryimage\",\"url\":\"https:\/\/canmauri.com\/wp-content\/uploads\/2025\/06\/menu-para-eventos-corporativos-en-Sabadell-2.jpg\",\"contentUrl\":\"https:\/\/canmauri.com\/wp-content\/uploads\/2025\/06\/menu-para-eventos-corporativos-en-Sabadell-2.jpg\",\"width\":2000,\"height\":1414},{\"@type\":\"BreadcrumbList\",\"@id\":\"https:\/\/canmauri.com\/ca\/que-ha-de-tenir-un-bon-menu-per-a-esdeveniments-corporatius\/#breadcrumb\",\"itemListElement\":[{\"@type\":\"ListItem\",\"position\":1,\"name\":\"Portada\",\"item\":\"https:\/\/canmauri.com\/ca\/\"},{\"@type\":\"ListItem\",\"position\":2,\"name\":\"Qu\u00e8 ha de tenir un bon men\u00fa per a esdeveniments corporatius\"}]},{\"@type\":\"WebSite\",\"@id\":\"https:\/\/canmauri.com\/#website\",\"url\":\"https:\/\/canmauri.com\/\",\"name\":\"Can Mauri\",\"description\":\"\",\"potentialAction\":[{\"@type\":\"SearchAction\",\"target\":{\"@type\":\"EntryPoint\",\"urlTemplate\":\"https:\/\/canmauri.com\/?s={search_term_string}\"},\"query-input\":{\"@type\":\"PropertyValueSpecification\",\"valueRequired\":true,\"valueName\":\"search_term_string\"}}],\"inLanguage\":\"ca\"},{\"@type\":\"Person\",\"@id\":\"https:\/\/canmauri.com\/#\/schema\/person\/8baffb7080a77a162a8a5f95372b69bd\",\"name\":\"Administradores\",\"image\":{\"@type\":\"ImageObject\",\"inLanguage\":\"ca\",\"@id\":\"https:\/\/canmauri.com\/#\/schema\/person\/image\/\",\"url\":\"https:\/\/secure.gravatar.com\/avatar\/74706914812c3b473b95a5253410b33d71c50bf5f0d5423532bc0afa617d4316?s=96&d=mm&r=g\",\"contentUrl\":\"https:\/\/secure.gravatar.com\/avatar\/74706914812c3b473b95a5253410b33d71c50bf5f0d5423532bc0afa617d4316?s=96&d=mm&r=g\",\"caption\":\"Administradores\"},\"url\":\"https:\/\/canmauri.com\/ca\/author\/administradores\/\"}]}<\/script>\n<!-- \/ Yoast SEO plugin. -->","yoast_head_json":{"title":"Qu\u00e8 ha de tenir un bon men\u00fa per a esdeveniments corporatius - Can Mauri","description":"Descobreix com un bon men\u00fa per a esdeveniments corporatius a Sabadell pot millorar l\u2019experi\u00e8ncia, refor\u00e7ar la imatge de marca.","robots":{"index":"index","follow":"follow","max-snippet":"max-snippet:-1","max-image-preview":"max-image-preview:large","max-video-preview":"max-video-preview:-1"},"canonical":"https:\/\/canmauri.com\/ca\/que-ha-de-tenir-un-bon-menu-per-a-esdeveniments-corporatius\/","og_locale":"ca_ES","og_type":"article","og_title":"Qu\u00e8 ha de tenir un bon men\u00fa per a esdeveniments corporatius - Can Mauri","og_description":"Descobreix com un bon men\u00fa per a esdeveniments corporatius a Sabadell pot millorar l\u2019experi\u00e8ncia, refor\u00e7ar la imatge de marca.","og_url":"https:\/\/canmauri.com\/ca\/que-ha-de-tenir-un-bon-menu-per-a-esdeveniments-corporatius\/","og_site_name":"Can Mauri","article_published_time":"2025-06-05T10:26:49+00:00","article_modified_time":"2025-06-06T10:58:11+00:00","og_image":[{"width":2000,"height":1414,"url":"https:\/\/canmauri.com\/wp-content\/uploads\/2025\/06\/menu-para-eventos-corporativos-en-Sabadell-2.jpg","type":"image\/jpeg"}],"author":"Administradores","twitter_card":"summary_large_image","twitter_misc":{"Escrit per":"Administradores","Temps estimat de lectura":"4 minuts"},"schema":{"@context":"https:\/\/schema.org","@graph":[{"@type":"WebPage","@id":"https:\/\/canmauri.com\/ca\/que-ha-de-tenir-un-bon-menu-per-a-esdeveniments-corporatius\/","url":"https:\/\/canmauri.com\/ca\/que-ha-de-tenir-un-bon-menu-per-a-esdeveniments-corporatius\/","name":"Qu\u00e8 ha de tenir un bon men\u00fa per a esdeveniments corporatius - Can Mauri","isPartOf":{"@id":"https:\/\/canmauri.com\/#website"},"primaryImageOfPage":{"@id":"https:\/\/canmauri.com\/ca\/que-ha-de-tenir-un-bon-menu-per-a-esdeveniments-corporatius\/#primaryimage"},"image":{"@id":"https:\/\/canmauri.com\/ca\/que-ha-de-tenir-un-bon-menu-per-a-esdeveniments-corporatius\/#primaryimage"},"thumbnailUrl":"https:\/\/canmauri.com\/wp-content\/uploads\/2025\/06\/menu-para-eventos-corporativos-en-Sabadell-2.jpg","datePublished":"2025-06-05T10:26:49+00:00","dateModified":"2025-06-06T10:58:11+00:00","author":{"@id":"https:\/\/canmauri.com\/#\/schema\/person\/8baffb7080a77a162a8a5f95372b69bd"},"description":"Descobreix com un bon men\u00fa per a esdeveniments corporatius a Sabadell pot millorar l\u2019experi\u00e8ncia, refor\u00e7ar la imatge de marca.","breadcrumb":{"@id":"https:\/\/canmauri.com\/ca\/que-ha-de-tenir-un-bon-menu-per-a-esdeveniments-corporatius\/#breadcrumb"},"inLanguage":"ca","potentialAction":[{"@type":"ReadAction","target":["https:\/\/canmauri.com\/ca\/que-ha-de-tenir-un-bon-menu-per-a-esdeveniments-corporatius\/"]}]},{"@type":"ImageObject","inLanguage":"ca","@id":"https:\/\/canmauri.com\/ca\/que-ha-de-tenir-un-bon-menu-per-a-esdeveniments-corporatius\/#primaryimage","url":"https:\/\/canmauri.com\/wp-content\/uploads\/2025\/06\/menu-para-eventos-corporativos-en-Sabadell-2.jpg","contentUrl":"https:\/\/canmauri.com\/wp-content\/uploads\/2025\/06\/menu-para-eventos-corporativos-en-Sabadell-2.jpg","width":2000,"height":1414},{"@type":"BreadcrumbList","@id":"https:\/\/canmauri.com\/ca\/que-ha-de-tenir-un-bon-menu-per-a-esdeveniments-corporatius\/#breadcrumb","itemListElement":[{"@type":"ListItem","position":1,"name":"Portada","item":"https:\/\/canmauri.com\/ca\/"},{"@type":"ListItem","position":2,"name":"Qu\u00e8 ha de tenir un bon men\u00fa per a esdeveniments corporatius"}]},{"@type":"WebSite","@id":"https:\/\/canmauri.com\/#website","url":"https:\/\/canmauri.com\/","name":"Can Mauri","description":"","potentialAction":[{"@type":"SearchAction","target":{"@type":"EntryPoint","urlTemplate":"https:\/\/canmauri.com\/?s={search_term_string}"},"query-input":{"@type":"PropertyValueSpecification","valueRequired":true,"valueName":"search_term_string"}}],"inLanguage":"ca"},{"@type":"Person","@id":"https:\/\/canmauri.com\/#\/schema\/person\/8baffb7080a77a162a8a5f95372b69bd","name":"Administradores","image":{"@type":"ImageObject","inLanguage":"ca","@id":"https:\/\/canmauri.com\/#\/schema\/person\/image\/","url":"https:\/\/secure.gravatar.com\/avatar\/74706914812c3b473b95a5253410b33d71c50bf5f0d5423532bc0afa617d4316?s=96&d=mm&r=g","contentUrl":"https:\/\/secure.gravatar.com\/avatar\/74706914812c3b473b95a5253410b33d71c50bf5f0d5423532bc0afa617d4316?s=96&d=mm&r=g","caption":"Administradores"},"url":"https:\/\/canmauri.com\/ca\/author\/administradores\/"}]}},"_links":{"self":[{"href":"https:\/\/canmauri.com\/ca\/wp-json\/wp\/v2\/posts\/7504","targetHints":{"allow":["GET"]}}],"collection":[{"href":"https:\/\/canmauri.com\/ca\/wp-json\/wp\/v2\/posts"}],"about":[{"href":"https:\/\/canmauri.com\/ca\/wp-json\/wp\/v2\/types\/post"}],"author":[{"embeddable":true,"href":"https:\/\/canmauri.com\/ca\/wp-json\/wp\/v2\/users\/7"}],"replies":[{"embeddable":true,"href":"https:\/\/canmauri.com\/ca\/wp-json\/wp\/v2\/comments?post=7504"}],"version-history":[{"count":1,"href":"https:\/\/canmauri.com\/ca\/wp-json\/wp\/v2\/posts\/7504\/revisions"}],"predecessor-version":[{"id":7523,"href":"https:\/\/canmauri.com\/ca\/wp-json\/wp\/v2\/posts\/7504\/revisions\/7523"}],"wp:featuredmedia":[{"embeddable":true,"href":"https:\/\/canmauri.com\/ca\/wp-json\/wp\/v2\/media\/7507"}],"wp:attachment":[{"href":"https:\/\/canmauri.com\/ca\/wp-json\/wp\/v2\/media?parent=7504"}],"wp:term":[{"taxonomy":"category","embeddable":true,"href":"https:\/\/canmauri.com\/ca\/wp-json\/wp\/v2\/categories?post=7504"},{"taxonomy":"post_tag","embeddable":true,"href":"https:\/\/canmauri.com\/ca\/wp-json\/wp\/v2\/tags?post=7504"}],"curies":[{"name":"wp","href":"https:\/\/api.w.org\/{rel}","templated":true}]}}