{"id":7471,"date":"2023-07-17T06:47:50","date_gmt":"2023-07-17T06:47:50","guid":{"rendered":"https:\/\/canmauri.com\/las-celebraciones-de-su-primera-comunion-en-tu-restaurante-cerca-de-sabadell-tradicion-experiencia-y-comunidad\/"},"modified":"2025-05-21T10:38:17","modified_gmt":"2025-05-21T08:38:17","slug":"les-celebracions-de-la-seva-primera-comunio-al-teu-restaurant-a-prop-de-sabadell-tradicio-experiencia-i-comunitat","status":"publish","type":"post","link":"https:\/\/canmauri.com\/ca\/les-celebracions-de-la-seva-primera-comunio-al-teu-restaurant-a-prop-de-sabadell-tradicio-experiencia-i-comunitat\/","title":{"rendered":"Les celebracions de la seva Primera Comuni\u00f3 al teu restaurant a prop de Sabadell: Tradici\u00f3, experi\u00e8ncia i comunitat"},"content":{"rendered":"<div class=\"flex flex-grow flex-col gap-3\">\n<div class=\"min-h-[20px] flex items-start overflow-x-auto whitespace-pre-wrap break-words flex-col gap-4\">\n<div class=\"markdown prose w-full break-words dark:prose-invert light\">\n<p style=\"text-align: justify;\">La Primera Comuni\u00f3n es un evento especial y significativo en la vida de muchos ni\u00f1os y sus familias, que marca un importante paso en su camino. La forma en que se celebra esta ocasi\u00f3n var\u00eda en diferentes culturas y comunidades, pero cada vez m\u00e1s familias optan por realizar estas celebraciones en restaurantes. Esta elecci\u00f3n ofrece una serie de beneficios y oportunidades \u00fanicas para crear recuerdos inolvidables en un ambiente festivo y gastron\u00f3mico. A continuaci\u00f3n te explicamos por qu\u00e9 celebrar este d\u00eda tan especial en nuestro <a href=\"https:\/\/canmauri.com\/menus-comuniones\/\"><strong>restaurante <\/strong>para tu <strong>comuni\u00f3n <\/strong>cerca de<strong> Sabadell<\/strong><\/a> har\u00e1 que sea aun m\u00e1s especial para todos.<\/p>\n<p style=\"text-align: justify;\">Tradicionalmente, las celebraciones de Primera Comuni\u00f3n sol\u00edan llevarse a cabo en iglesias o en el hogar familiar, con una comida sencilla despu\u00e9s de la ceremonia religiosa. Sin embargo, a medida que las familias han ido evolucionando, tambi\u00e9n lo han hecho las celebraciones de este sacramento. Los restaurantes han surgido como una alternativa popular debido a las facilidades que ofrecen para acoger grandes grupos, la variedad gastron\u00f3mica y el servicio personalizado. En nuestro <strong>restaurante <\/strong>para <strong>comuni\u00f3n <\/strong>cerca de <strong>Sabadell<\/strong> podr\u00e1s encontrar propuestas de men\u00fa a medida, para que puedas seleccionar la opci\u00f3n que m\u00e1s os guste.<\/p>\n<p><img decoding=\"async\" class=\"aligncenter wp-image-3650 size-full lazyload\" data-src=\"https:\/\/canmauri.com\/wp-content\/uploads\/2022\/03\/centros-de-mesa-1.png\" alt=\"Comuniones Can Mauri\" width=\"1080\" height=\"1080\" data-srcset=\"https:\/\/canmauri.com\/wp-content\/uploads\/2022\/03\/centros-de-mesa-1.png 1080w, https:\/\/canmauri.com\/wp-content\/uploads\/2022\/03\/centros-de-mesa-1-300x300.png 300w, https:\/\/canmauri.com\/wp-content\/uploads\/2022\/03\/centros-de-mesa-1-1024x1024.png 1024w, https:\/\/canmauri.com\/wp-content\/uploads\/2022\/03\/centros-de-mesa-1-150x150.png 150w, https:\/\/canmauri.com\/wp-content\/uploads\/2022\/03\/centros-de-mesa-1-768x768.png 768w, https:\/\/canmauri.com\/wp-content\/uploads\/2022\/03\/centros-de-mesa-1-500x500.png 500w, https:\/\/canmauri.com\/wp-content\/uploads\/2022\/03\/centros-de-mesa-1-800x800.png 800w\" data-sizes=\"(max-width: 1080px) 100vw, 1080px\" src=\"data:image\/svg+xml;base64,PHN2ZyB3aWR0aD0iMSIgaGVpZ2h0PSIxIiB4bWxucz0iaHR0cDovL3d3dy53My5vcmcvMjAwMC9zdmciPjwvc3ZnPg==\" style=\"--smush-placeholder-width: 1080px; --smush-placeholder-aspect-ratio: 1080\/1080;\" \/><\/p>\n<h2 style=\"text-align: justify;\">El encanto de nuestro restaurante para comuni\u00f3n cerca de Sabadell<\/h2>\n<ul>\n<li style=\"text-align: justify;\">espacio y comodidad: Los restaurantes suelen contar con amplios espacios, lo que permite a las familias celebrar la Primera Comuni\u00f3n sin preocuparse por la log\u00edstica del evento. Adem\u00e1s, se evita el estr\u00e9s de tener que organizar y limpiar el hogar despu\u00e9s de la celebraci\u00f3n.<\/li>\n<li style=\"text-align: justify;\">experiencia gastron\u00f3mica: Los restaurantes ofrecen una variedad de men\u00fas para satisfacer diferentes gustos y preferencias alimenticias. Desde deliciosos platos tradicionales hasta opciones m\u00e1s modernas y ex\u00f3ticas, los comensales pueden disfrutar de una experiencia culinaria \u00fanica.<\/li>\n<li style=\"text-align: justify;\">servicio profesional: Los restaurantes est\u00e1n acostumbrados a atender grandes grupos y ofrecer un servicio impecable. El personal capacitado se encarga de atender las necesidades de los invitados, asegurando que todos se sientan bienvenidos y especiales durante la celebraci\u00f3n.<\/li>\n<\/ul>\n<\/div>\n<\/div>\n<div class=\"min-h-[20px] flex items-start overflow-x-auto whitespace-pre-wrap break-words flex-col gap-4\">\n<div class=\"markdown prose w-full break-words dark:prose-invert light\">\n<p>La Primera Comuni\u00f3n es una celebraci\u00f3n que re\u00fane a familiares cercanos y amigos en un momento significativo. La atm\u00f3sfera relajada del restaurante permite a todos disfrutar del d\u00eda sin preocuparse por la preparaci\u00f3n y limpieza de una casa. La elecci\u00f3n de un <strong>restaurante <\/strong>para <strong>comuni\u00f3n <\/strong>cerca de <strong>Sabadell<\/strong> puede ofrecerte la oportunidad de explorar y compartir tradiciones culinarias de diferentes culturas, enriqueciendo la experiencia para todos los presentes.<\/p>\n<p>En Can Mauri, nos encanta hacer que el d\u00eda especial de los m\u00e1s peque\u00f1os sea inolvidable y \u00fanico. Queremos que disfruten al m\u00e1ximo con sus seres queridos y se diviertan como nunca y, por ese motivo, nos encargamos de organizar cada detalle para que todo salga perfecto. Te ofrecemos una amplia variedad de opciones personalizadas entre nuestras deliciosas creaciones que seguramente les encantar\u00e1n.<\/p>\n<\/div>\n<\/div>\n<\/div>\n","protected":false},"excerpt":{"rendered":"<p>La Primera Comuni\u00f3n es un evento especial y significativo en la vida de muchos ni\u00f1os y sus familias, que marca un importante paso en su camino. La forma en que se celebra esta ocasi\u00f3n var\u00eda en diferentes culturas y comunidades, pero cada vez m\u00e1s familias optan por realizar estas celebraciones en restaurantes. Esta elecci\u00f3n ofrece una serie de beneficios y<\/p>\n<div class=\"h10\"><\/div>\n<p><a class=\"more-link1\" href=\"https:\/\/canmauri.com\/ca\/les-celebracions-de-la-seva-primera-comunio-al-teu-restaurant-a-prop-de-sabadell-tradicio-experiencia-i-comunitat\/\">Read more<\/a><\/p>\n","protected":false},"author":7,"featured_media":3655,"comment_status":"closed","ping_status":"closed","sticky":false,"template":"","format":"standard","meta":{"_vp_format_video_url":"","_vp_image_focal_point":[],"footnotes":""},"categories":[277,4],"tags":[314],"class_list":["post-7471","post","type-post","status-publish","format-standard","has-post-thumbnail","hentry","category-comuniones-ca","category-sense-categoria","tag-restaurante-para-comunion-cerca-de-sabadell-ca"],"yoast_head":"<!-- This site is optimized with the Yoast SEO plugin v26.2 - https:\/\/yoast.com\/wordpress\/plugins\/seo\/ -->\n<title>Les celebracions de la seva Primera Comuni\u00f3 al teu restaurant a prop de Sabadell: Tradici\u00f3, experi\u00e8ncia i comunitat - Can Mauri<\/title>\n<meta name=\"robots\" content=\"index, follow, max-snippet:-1, max-image-preview:large, max-video-preview:-1\" \/>\n<link rel=\"canonical\" href=\"https:\/\/canmauri.com\/ca\/les-celebracions-de-la-seva-primera-comunio-al-teu-restaurant-a-prop-de-sabadell-tradicio-experiencia-i-comunitat\/\" \/>\n<meta property=\"og:locale\" content=\"ca_ES\" \/>\n<meta property=\"og:type\" content=\"article\" \/>\n<meta property=\"og:title\" content=\"Les celebracions de la seva Primera Comuni\u00f3 al teu restaurant a prop de Sabadell: Tradici\u00f3, experi\u00e8ncia i comunitat - Can Mauri\" \/>\n<meta property=\"og:description\" content=\"La Primera Comuni\u00f3n es un evento especial y significativo en la vida de muchos ni\u00f1os y sus familias, que marca un importante paso en su camino. La forma en que se celebra esta ocasi\u00f3n var\u00eda en diferentes culturas y comunidades, pero cada vez m\u00e1s familias optan por realizar estas celebraciones en restaurantes. Esta elecci\u00f3n ofrece una serie de beneficios yRead more\" \/>\n<meta property=\"og:url\" content=\"https:\/\/canmauri.com\/ca\/les-celebracions-de-la-seva-primera-comunio-al-teu-restaurant-a-prop-de-sabadell-tradicio-experiencia-i-comunitat\/\" \/>\n<meta property=\"og:site_name\" content=\"Can Mauri\" \/>\n<meta property=\"article:published_time\" content=\"2023-07-17T06:47:50+00:00\" \/>\n<meta property=\"article:modified_time\" content=\"2025-05-21T08:38:17+00:00\" \/>\n<meta property=\"og:image\" content=\"https:\/\/canmauri.com\/wp-content\/uploads\/2022\/03\/cual-va-a-ser-tu-color-1-1-768x768.png\" \/>\n\t<meta property=\"og:image:width\" content=\"768\" \/>\n\t<meta property=\"og:image:height\" content=\"768\" \/>\n\t<meta property=\"og:image:type\" content=\"image\/png\" \/>\n<meta name=\"author\" content=\"Administradores\" \/>\n<meta name=\"twitter:card\" content=\"summary_large_image\" \/>\n<meta name=\"twitter:label1\" content=\"Escrit per\" \/>\n\t<meta name=\"twitter:data1\" content=\"Administradores\" \/>\n\t<meta name=\"twitter:label2\" content=\"Temps estimat de lectura\" \/>\n\t<meta name=\"twitter:data2\" content=\"3 minuts\" \/>\n<script type=\"application\/ld+json\" class=\"yoast-schema-graph\">{\"@context\":\"https:\/\/schema.org\",\"@graph\":[{\"@type\":\"WebPage\",\"@id\":\"https:\/\/canmauri.com\/ca\/les-celebracions-de-la-seva-primera-comunio-al-teu-restaurant-a-prop-de-sabadell-tradicio-experiencia-i-comunitat\/\",\"url\":\"https:\/\/canmauri.com\/ca\/les-celebracions-de-la-seva-primera-comunio-al-teu-restaurant-a-prop-de-sabadell-tradicio-experiencia-i-comunitat\/\",\"name\":\"Les celebracions de la seva Primera Comuni\u00f3 al teu restaurant a prop de Sabadell: Tradici\u00f3, experi\u00e8ncia i comunitat - Can Mauri\",\"isPartOf\":{\"@id\":\"https:\/\/canmauri.com\/#website\"},\"primaryImageOfPage\":{\"@id\":\"https:\/\/canmauri.com\/ca\/les-celebracions-de-la-seva-primera-comunio-al-teu-restaurant-a-prop-de-sabadell-tradicio-experiencia-i-comunitat\/#primaryimage\"},\"image\":{\"@id\":\"https:\/\/canmauri.com\/ca\/les-celebracions-de-la-seva-primera-comunio-al-teu-restaurant-a-prop-de-sabadell-tradicio-experiencia-i-comunitat\/#primaryimage\"},\"thumbnailUrl\":\"https:\/\/canmauri.com\/wp-content\/uploads\/2022\/03\/cual-va-a-ser-tu-color-1-1.png\",\"datePublished\":\"2023-07-17T06:47:50+00:00\",\"dateModified\":\"2025-05-21T08:38:17+00:00\",\"author\":{\"@id\":\"https:\/\/canmauri.com\/#\/schema\/person\/8baffb7080a77a162a8a5f95372b69bd\"},\"breadcrumb\":{\"@id\":\"https:\/\/canmauri.com\/ca\/les-celebracions-de-la-seva-primera-comunio-al-teu-restaurant-a-prop-de-sabadell-tradicio-experiencia-i-comunitat\/#breadcrumb\"},\"inLanguage\":\"ca\",\"potentialAction\":[{\"@type\":\"ReadAction\",\"target\":[\"https:\/\/canmauri.com\/ca\/les-celebracions-de-la-seva-primera-comunio-al-teu-restaurant-a-prop-de-sabadell-tradicio-experiencia-i-comunitat\/\"]}]},{\"@type\":\"ImageObject\",\"inLanguage\":\"ca\",\"@id\":\"https:\/\/canmauri.com\/ca\/les-celebracions-de-la-seva-primera-comunio-al-teu-restaurant-a-prop-de-sabadell-tradicio-experiencia-i-comunitat\/#primaryimage\",\"url\":\"https:\/\/canmauri.com\/wp-content\/uploads\/2022\/03\/cual-va-a-ser-tu-color-1-1.png\",\"contentUrl\":\"https:\/\/canmauri.com\/wp-content\/uploads\/2022\/03\/cual-va-a-ser-tu-color-1-1.png\",\"width\":1080,\"height\":1080,\"caption\":\"Comuniones Can Mauri\"},{\"@type\":\"BreadcrumbList\",\"@id\":\"https:\/\/canmauri.com\/ca\/les-celebracions-de-la-seva-primera-comunio-al-teu-restaurant-a-prop-de-sabadell-tradicio-experiencia-i-comunitat\/#breadcrumb\",\"itemListElement\":[{\"@type\":\"ListItem\",\"position\":1,\"name\":\"Portada\",\"item\":\"https:\/\/canmauri.com\/ca\/\"},{\"@type\":\"ListItem\",\"position\":2,\"name\":\"Les celebracions de la seva Primera Comuni\u00f3 al teu restaurant a prop de Sabadell: Tradici\u00f3, experi\u00e8ncia i comunitat\"}]},{\"@type\":\"WebSite\",\"@id\":\"https:\/\/canmauri.com\/#website\",\"url\":\"https:\/\/canmauri.com\/\",\"name\":\"Can Mauri\",\"description\":\"\",\"potentialAction\":[{\"@type\":\"SearchAction\",\"target\":{\"@type\":\"EntryPoint\",\"urlTemplate\":\"https:\/\/canmauri.com\/?s={search_term_string}\"},\"query-input\":{\"@type\":\"PropertyValueSpecification\",\"valueRequired\":true,\"valueName\":\"search_term_string\"}}],\"inLanguage\":\"ca\"},{\"@type\":\"Person\",\"@id\":\"https:\/\/canmauri.com\/#\/schema\/person\/8baffb7080a77a162a8a5f95372b69bd\",\"name\":\"Administradores\",\"image\":{\"@type\":\"ImageObject\",\"inLanguage\":\"ca\",\"@id\":\"https:\/\/canmauri.com\/#\/schema\/person\/image\/\",\"url\":\"https:\/\/secure.gravatar.com\/avatar\/74706914812c3b473b95a5253410b33d71c50bf5f0d5423532bc0afa617d4316?s=96&d=mm&r=g\",\"contentUrl\":\"https:\/\/secure.gravatar.com\/avatar\/74706914812c3b473b95a5253410b33d71c50bf5f0d5423532bc0afa617d4316?s=96&d=mm&r=g\",\"caption\":\"Administradores\"},\"url\":\"https:\/\/canmauri.com\/ca\/author\/administradores\/\"}]}<\/script>\n<!-- \/ Yoast SEO plugin. -->","yoast_head_json":{"title":"Les celebracions de la seva Primera Comuni\u00f3 al teu restaurant a prop de Sabadell: Tradici\u00f3, experi\u00e8ncia i comunitat - Can Mauri","robots":{"index":"index","follow":"follow","max-snippet":"max-snippet:-1","max-image-preview":"max-image-preview:large","max-video-preview":"max-video-preview:-1"},"canonical":"https:\/\/canmauri.com\/ca\/les-celebracions-de-la-seva-primera-comunio-al-teu-restaurant-a-prop-de-sabadell-tradicio-experiencia-i-comunitat\/","og_locale":"ca_ES","og_type":"article","og_title":"Les celebracions de la seva Primera Comuni\u00f3 al teu restaurant a prop de Sabadell: Tradici\u00f3, experi\u00e8ncia i comunitat - Can Mauri","og_description":"La Primera Comuni\u00f3n es un evento especial y significativo en la vida de muchos ni\u00f1os y sus familias, que marca un importante paso en su camino. La forma en que se celebra esta ocasi\u00f3n var\u00eda en diferentes culturas y comunidades, pero cada vez m\u00e1s familias optan por realizar estas celebraciones en restaurantes. Esta elecci\u00f3n ofrece una serie de beneficios yRead more","og_url":"https:\/\/canmauri.com\/ca\/les-celebracions-de-la-seva-primera-comunio-al-teu-restaurant-a-prop-de-sabadell-tradicio-experiencia-i-comunitat\/","og_site_name":"Can Mauri","article_published_time":"2023-07-17T06:47:50+00:00","article_modified_time":"2025-05-21T08:38:17+00:00","og_image":[{"width":768,"height":768,"url":"https:\/\/canmauri.com\/wp-content\/uploads\/2022\/03\/cual-va-a-ser-tu-color-1-1-768x768.png","type":"image\/png"}],"author":"Administradores","twitter_card":"summary_large_image","twitter_misc":{"Escrit per":"Administradores","Temps estimat de lectura":"3 minuts"},"schema":{"@context":"https:\/\/schema.org","@graph":[{"@type":"WebPage","@id":"https:\/\/canmauri.com\/ca\/les-celebracions-de-la-seva-primera-comunio-al-teu-restaurant-a-prop-de-sabadell-tradicio-experiencia-i-comunitat\/","url":"https:\/\/canmauri.com\/ca\/les-celebracions-de-la-seva-primera-comunio-al-teu-restaurant-a-prop-de-sabadell-tradicio-experiencia-i-comunitat\/","name":"Les celebracions de la seva Primera Comuni\u00f3 al teu restaurant a prop de Sabadell: Tradici\u00f3, experi\u00e8ncia i comunitat - Can Mauri","isPartOf":{"@id":"https:\/\/canmauri.com\/#website"},"primaryImageOfPage":{"@id":"https:\/\/canmauri.com\/ca\/les-celebracions-de-la-seva-primera-comunio-al-teu-restaurant-a-prop-de-sabadell-tradicio-experiencia-i-comunitat\/#primaryimage"},"image":{"@id":"https:\/\/canmauri.com\/ca\/les-celebracions-de-la-seva-primera-comunio-al-teu-restaurant-a-prop-de-sabadell-tradicio-experiencia-i-comunitat\/#primaryimage"},"thumbnailUrl":"https:\/\/canmauri.com\/wp-content\/uploads\/2022\/03\/cual-va-a-ser-tu-color-1-1.png","datePublished":"2023-07-17T06:47:50+00:00","dateModified":"2025-05-21T08:38:17+00:00","author":{"@id":"https:\/\/canmauri.com\/#\/schema\/person\/8baffb7080a77a162a8a5f95372b69bd"},"breadcrumb":{"@id":"https:\/\/canmauri.com\/ca\/les-celebracions-de-la-seva-primera-comunio-al-teu-restaurant-a-prop-de-sabadell-tradicio-experiencia-i-comunitat\/#breadcrumb"},"inLanguage":"ca","potentialAction":[{"@type":"ReadAction","target":["https:\/\/canmauri.com\/ca\/les-celebracions-de-la-seva-primera-comunio-al-teu-restaurant-a-prop-de-sabadell-tradicio-experiencia-i-comunitat\/"]}]},{"@type":"ImageObject","inLanguage":"ca","@id":"https:\/\/canmauri.com\/ca\/les-celebracions-de-la-seva-primera-comunio-al-teu-restaurant-a-prop-de-sabadell-tradicio-experiencia-i-comunitat\/#primaryimage","url":"https:\/\/canmauri.com\/wp-content\/uploads\/2022\/03\/cual-va-a-ser-tu-color-1-1.png","contentUrl":"https:\/\/canmauri.com\/wp-content\/uploads\/2022\/03\/cual-va-a-ser-tu-color-1-1.png","width":1080,"height":1080,"caption":"Comuniones Can Mauri"},{"@type":"BreadcrumbList","@id":"https:\/\/canmauri.com\/ca\/les-celebracions-de-la-seva-primera-comunio-al-teu-restaurant-a-prop-de-sabadell-tradicio-experiencia-i-comunitat\/#breadcrumb","itemListElement":[{"@type":"ListItem","position":1,"name":"Portada","item":"https:\/\/canmauri.com\/ca\/"},{"@type":"ListItem","position":2,"name":"Les celebracions de la seva Primera Comuni\u00f3 al teu restaurant a prop de Sabadell: Tradici\u00f3, experi\u00e8ncia i comunitat"}]},{"@type":"WebSite","@id":"https:\/\/canmauri.com\/#website","url":"https:\/\/canmauri.com\/","name":"Can Mauri","description":"","potentialAction":[{"@type":"SearchAction","target":{"@type":"EntryPoint","urlTemplate":"https:\/\/canmauri.com\/?s={search_term_string}"},"query-input":{"@type":"PropertyValueSpecification","valueRequired":true,"valueName":"search_term_string"}}],"inLanguage":"ca"},{"@type":"Person","@id":"https:\/\/canmauri.com\/#\/schema\/person\/8baffb7080a77a162a8a5f95372b69bd","name":"Administradores","image":{"@type":"ImageObject","inLanguage":"ca","@id":"https:\/\/canmauri.com\/#\/schema\/person\/image\/","url":"https:\/\/secure.gravatar.com\/avatar\/74706914812c3b473b95a5253410b33d71c50bf5f0d5423532bc0afa617d4316?s=96&d=mm&r=g","contentUrl":"https:\/\/secure.gravatar.com\/avatar\/74706914812c3b473b95a5253410b33d71c50bf5f0d5423532bc0afa617d4316?s=96&d=mm&r=g","caption":"Administradores"},"url":"https:\/\/canmauri.com\/ca\/author\/administradores\/"}]}},"_links":{"self":[{"href":"https:\/\/canmauri.com\/ca\/wp-json\/wp\/v2\/posts\/7471","targetHints":{"allow":["GET"]}}],"collection":[{"href":"https:\/\/canmauri.com\/ca\/wp-json\/wp\/v2\/posts"}],"about":[{"href":"https:\/\/canmauri.com\/ca\/wp-json\/wp\/v2\/types\/post"}],"author":[{"embeddable":true,"href":"https:\/\/canmauri.com\/ca\/wp-json\/wp\/v2\/users\/7"}],"replies":[{"embeddable":true,"href":"https:\/\/canmauri.com\/ca\/wp-json\/wp\/v2\/comments?post=7471"}],"version-history":[{"count":2,"href":"https:\/\/canmauri.com\/ca\/wp-json\/wp\/v2\/posts\/7471\/revisions"}],"predecessor-version":[{"id":7473,"href":"https:\/\/canmauri.com\/ca\/wp-json\/wp\/v2\/posts\/7471\/revisions\/7473"}],"wp:featuredmedia":[{"embeddable":true,"href":"https:\/\/canmauri.com\/ca\/wp-json\/wp\/v2\/media\/3655"}],"wp:attachment":[{"href":"https:\/\/canmauri.com\/ca\/wp-json\/wp\/v2\/media?parent=7471"}],"wp:term":[{"taxonomy":"category","embeddable":true,"href":"https:\/\/canmauri.com\/ca\/wp-json\/wp\/v2\/categories?post=7471"},{"taxonomy":"post_tag","embeddable":true,"href":"https:\/\/canmauri.com\/ca\/wp-json\/wp\/v2\/tags?post=7471"}],"curies":[{"name":"wp","href":"https:\/\/api.w.org\/{rel}","templated":true}]}}