{"id":7410,"date":"2024-02-09T10:08:05","date_gmt":"2024-02-09T09:08:05","guid":{"rendered":"https:\/\/canmauri.com\/sabores-de-temporada-can-mauri-y-la-experiencia-inigualable-de-calcots\/"},"modified":"2025-05-20T11:49:17","modified_gmt":"2025-05-20T09:49:17","slug":"sabors-de-temporada-can-mauri-i-lexperiencia-inigualable-dels-calcots","status":"publish","type":"post","link":"https:\/\/canmauri.com\/ca\/sabors-de-temporada-can-mauri-i-lexperiencia-inigualable-dels-calcots\/","title":{"rendered":"Sabors de temporada: Can Mauri i l\u2019experi\u00e8ncia inigualable dels cal\u00e7ots"},"content":{"rendered":"<h2 style=\"text-align: justify;\"><b>Can Mauri: Descobreix la m\u00e0gia dels cal\u00e7ots a Sabadell, un banquet de tradici\u00f3<\/b><\/h2>\n<p style=\"text-align: justify;\">A Can Mauri, ens enorgullim d\u2019adaptar-nos a totes les situacions i oferir diversos men\u00fas, on \u00e9s possible escollir entre diferents propostes culin\u00e0ries per delectar tots els paladars en un espai \u00fanic.<\/p>\n<p style=\"text-align: justify;\">Sabeu que els nostres plats s\u00f3n amb productes de temporada i de proximitat, i com no aprofitar l\u2019\u00e8poca dels <a href=\"https:\/\/canmauri.com\/menu-calcotada\/\"><b>cal\u00e7ots a Sabadell<\/b><\/a>? El nostre men\u00fa de cal\u00e7otada us deixar\u00e0 tan bon gust de boca que nom\u00e9s pensareu amb qui fer la propera.<\/p>\n<p style=\"text-align: justify;\"><img decoding=\"async\" class=\"alignnone wp-image-6645 size-full lazyload\" data-src=\"https:\/\/canmauri.com\/wp-content\/uploads\/2024\/02\/calcotada-en-Sabadell.jpg\" alt=\"Al nostre restaurant trobar\u00e0s els millors cal\u00e7ots de la zona\" width=\"2000\" height=\"1414\" data-srcset=\"https:\/\/canmauri.com\/wp-content\/uploads\/2024\/02\/calcotada-en-Sabadell.jpg 2000w, https:\/\/canmauri.com\/wp-content\/uploads\/2024\/02\/calcotada-en-Sabadell-300x212.jpg 300w, https:\/\/canmauri.com\/wp-content\/uploads\/2024\/02\/calcotada-en-Sabadell-1024x724.jpg 1024w, https:\/\/canmauri.com\/wp-content\/uploads\/2024\/02\/calcotada-en-Sabadell-768x543.jpg 768w, https:\/\/canmauri.com\/wp-content\/uploads\/2024\/02\/calcotada-en-Sabadell-1536x1086.jpg 1536w, https:\/\/canmauri.com\/wp-content\/uploads\/2024\/02\/calcotada-en-Sabadell-320x226.jpg 320w\" data-sizes=\"(max-width: 2000px) 100vw, 2000px\" src=\"data:image\/svg+xml;base64,PHN2ZyB3aWR0aD0iMSIgaGVpZ2h0PSIxIiB4bWxucz0iaHR0cDovL3d3dy53My5vcmcvMjAwMC9zdmciPjwvc3ZnPg==\" style=\"--smush-placeholder-width: 2000px; --smush-placeholder-aspect-ratio: 2000\/1414;\" \/><\/p>\n<h3 style=\"text-align: justify;\">Descobreix la del\u00edcia dels cal\u00e7ots a Can Mauri<\/h3>\n<p style=\"text-align: justify;\">A Can Mauri, la temporada de cal\u00e7ots es converteix en una celebraci\u00f3 culin\u00e0ria \u00fanica. Al nostre restaurant, ens dediquem a destacar la tradici\u00f3 catalana de gaudir d\u2019aquests deliciosos brots de ceba tendra. Amb el comprom\u00eds d\u2019utilitzar productes de temporada i proximitat, els <b>cal\u00e7ots a Sabadell<\/b> prenen un paper protagonista en el nostre men\u00fa, oferint als nostres comensals una experi\u00e8ncia gastron\u00f2mica aut\u00e8ntica.<\/p>\n<h3 style=\"text-align: justify;\">Men\u00fas personalitzats amb toc de cal\u00e7ots a Sabadell<\/h3>\n<p style=\"text-align: justify;\">En la nostra recerca constant de satisfer els gustos m\u00e9s exigents, oferim men\u00fas personalitzats que inclouen l\u2019exquisidesa dels cal\u00e7ots. El nostre equip culinari s\u2019esfor\u00e7a a presentar aquests delicats plats d\u2019una manera \u00fanica, ressaltant-ne el sabor i la textura caracter\u00edstics. La temporada de cal\u00e7ots a Sabadell es converteix aix\u00ed en una oportunitat per experimentar l\u2019aut\u00e8ntica cuina catalana a Can Mauri.<\/p>\n<p style=\"text-align: justify;\"><img decoding=\"async\" class=\"alignnone wp-image-6647 size-full lazyload\" data-src=\"https:\/\/canmauri.com\/wp-content\/uploads\/2024\/02\/calcotada-Sabadell.jpg\" alt=\"Si vols gaudir d'una cal\u00e7otada a Sabadell som la teva millor opci\u00f3\" width=\"2000\" height=\"1414\" data-srcset=\"https:\/\/canmauri.com\/wp-content\/uploads\/2024\/02\/calcotada-Sabadell.jpg 2000w, https:\/\/canmauri.com\/wp-content\/uploads\/2024\/02\/calcotada-Sabadell-300x212.jpg 300w, https:\/\/canmauri.com\/wp-content\/uploads\/2024\/02\/calcotada-Sabadell-1024x724.jpg 1024w, https:\/\/canmauri.com\/wp-content\/uploads\/2024\/02\/calcotada-Sabadell-768x543.jpg 768w, https:\/\/canmauri.com\/wp-content\/uploads\/2024\/02\/calcotada-Sabadell-1536x1086.jpg 1536w, https:\/\/canmauri.com\/wp-content\/uploads\/2024\/02\/calcotada-Sabadell-320x226.jpg 320w\" data-sizes=\"(max-width: 2000px) 100vw, 2000px\" src=\"data:image\/svg+xml;base64,PHN2ZyB3aWR0aD0iMSIgaGVpZ2h0PSIxIiB4bWxucz0iaHR0cDovL3d3dy53My5vcmcvMjAwMC9zdmciPjwvc3ZnPg==\" style=\"--smush-placeholder-width: 2000px; --smush-placeholder-aspect-ratio: 2000\/1414;\" \/><\/p>\n<h2 style=\"text-align: justify;\"><b>Cal\u00e7ots a Sabadell: Can Mauri, el refugi perfecte per a una experi\u00e8ncia gastron\u00f2mica \u00fanica<\/b><\/h2>\n<h3 style=\"text-align: justify;\">Cal\u00e7ots a Sabadell: Un plaer per a tots els sentits<\/h3>\n<p style=\"text-align: justify;\">A Can Mauri, creiem que l\u2019experi\u00e8ncia gastron\u00f2mica va m\u00e9s enll\u00e0 del paladar. La temporada de <b>cal\u00e7ots a Sabadell<\/b> \u00e9s una oportunitat per delectar tots els sentits. Des de la presentaci\u00f3 cuidada de cada plat fins a l\u2019aroma inconfusible dels cal\u00e7ots, el nostre restaurant es transforma en l\u2019escenari perfecte per gaudir d\u2019aquest tresor culinari.<\/p>\n<h3 style=\"text-align: justify;\">Viu la tradici\u00f3 dels cal\u00e7ots amb nosaltres<\/h3>\n<p style=\"text-align: justify;\">Et convidem a submergir-te en la tradici\u00f3 catalana dels cal\u00e7ots a Sabadell a Can Mauri. El nostre comprom\u00eds amb la qualitat i l\u2019autenticitat es reflecteix en cada detall del nostre men\u00fa de cal\u00e7otada. Experimenta la uni\u00f3 de sabors frescos, textures irresistibles i la tradici\u00f3 dels cal\u00e7ots en un ambient acollidor i \u00fanic.<\/p>\n<p style=\"text-align: justify;\"><img decoding=\"async\" class=\"alignnone wp-image-6649 size-full lazyload\" data-src=\"https:\/\/canmauri.com\/wp-content\/uploads\/2024\/02\/calcots-en-Sabadell.jpg\" alt=\"Menja cal\u00e7ots prop de Sabadell amb el nostre restaurant\" width=\"2000\" height=\"1414\" data-srcset=\"https:\/\/canmauri.com\/wp-content\/uploads\/2024\/02\/calcots-en-Sabadell.jpg 2000w, https:\/\/canmauri.com\/wp-content\/uploads\/2024\/02\/calcots-en-Sabadell-300x212.jpg 300w, https:\/\/canmauri.com\/wp-content\/uploads\/2024\/02\/calcots-en-Sabadell-1024x724.jpg 1024w, https:\/\/canmauri.com\/wp-content\/uploads\/2024\/02\/calcots-en-Sabadell-768x543.jpg 768w, https:\/\/canmauri.com\/wp-content\/uploads\/2024\/02\/calcots-en-Sabadell-1536x1086.jpg 1536w, https:\/\/canmauri.com\/wp-content\/uploads\/2024\/02\/calcots-en-Sabadell-320x226.jpg 320w\" data-sizes=\"(max-width: 2000px) 100vw, 2000px\" src=\"data:image\/svg+xml;base64,PHN2ZyB3aWR0aD0iMSIgaGVpZ2h0PSIxIiB4bWxucz0iaHR0cDovL3d3dy53My5vcmcvMjAwMC9zdmciPjwvc3ZnPg==\" style=\"--smush-placeholder-width: 2000px; --smush-placeholder-aspect-ratio: 2000\/1414;\" \/><\/p>\n<h3 style=\"text-align: justify;\">Can Mauri: On els cal\u00e7ots a Sabadell s\u00f3n una celebraci\u00f3<\/h3>\n<p style=\"text-align: justify;\">A Can Mauri, els cal\u00e7ots a Sabadell no s\u00f3n nom\u00e9s un plat, s\u00f3n una celebraci\u00f3 de la rica her\u00e8ncia culin\u00e0ria catalana. Cada mos \u00e9s una invitaci\u00f3 a explorar els sabors \u00fanics d\u2019aquesta temporada tan especial. Vine i descobreix per qu\u00e8 els <b>cal\u00e7ots a Sabadell<\/b> es gaudeixen millor a Can Mauri, on la passi\u00f3 per la tradici\u00f3 es combina amb l\u2019excel\u00b7l\u00e8ncia culin\u00e0ria.<\/p>\n<h3 style=\"text-align: justify;\">Fes la teva reserva i gaudeix dels cal\u00e7ots a Sabadell a Can Mauri<\/h3>\n<p style=\"text-align: justify;\">Fes la teva reserva a Can Mauri i submergeix-te en l\u2019experi\u00e8ncia \u00fanica de gaudir dels cal\u00e7ots a Sabadell. El nostre restaurant \u00e9s el lloc perfecte per a aquells que busquen una combinaci\u00f3 de tradici\u00f3, qualitat i un toc contemporani. Vine i celebra la temporada de cal\u00e7ots amb nosaltres, on cada plat \u00e9s una expressi\u00f3 aut\u00e8ntica de la passi\u00f3 culin\u00e0ria que ens defineix.<\/p>\n","protected":false},"excerpt":{"rendered":"<p>Can Mauri: Descobreix la m\u00e0gia dels cal\u00e7ots a Sabadell, un banquet de tradici\u00f3 A Can Mauri, ens enorgullim d\u2019adaptar-nos a totes les situacions i oferir diversos men\u00fas, on \u00e9s possible escollir entre diferents propostes culin\u00e0ries per delectar tots els paladars en un espai \u00fanic. Sabeu que els nostres plats s\u00f3n amb productes de temporada i de proximitat, i com no<\/p>\n<div class=\"h10\"><\/div>\n<p><a class=\"more-link1\" href=\"https:\/\/canmauri.com\/ca\/sabors-de-temporada-can-mauri-i-lexperiencia-inigualable-dels-calcots\/\">Read more<\/a><\/p>\n","protected":false},"author":7,"featured_media":6652,"comment_status":"closed","ping_status":"closed","sticky":false,"template":"","format":"standard","meta":{"_vp_format_video_url":"","_vp_image_focal_point":[],"footnotes":""},"categories":[292,4],"tags":[293],"class_list":["post-7410","post","type-post","status-publish","format-standard","has-post-thumbnail","hentry","category-menu-de-calcotada-ca","category-sense-categoria","tag-calcots-en-sabadell-ca"],"yoast_head":"<!-- This site is optimized with the Yoast SEO plugin v26.2 - https:\/\/yoast.com\/wordpress\/plugins\/seo\/ -->\n<title>Sabors de temporada: Can Mauri i l\u2019experi\u00e8ncia inigualable dels cal\u00e7ots - Can Mauri<\/title>\n<meta name=\"robots\" content=\"index, follow, max-snippet:-1, max-image-preview:large, max-video-preview:-1\" \/>\n<link rel=\"canonical\" href=\"https:\/\/canmauri.com\/ca\/sabors-de-temporada-can-mauri-i-lexperiencia-inigualable-dels-calcots\/\" \/>\n<meta property=\"og:locale\" content=\"ca_ES\" \/>\n<meta property=\"og:type\" content=\"article\" \/>\n<meta property=\"og:title\" content=\"Sabors de temporada: Can Mauri i l\u2019experi\u00e8ncia inigualable dels cal\u00e7ots - Can Mauri\" \/>\n<meta property=\"og:description\" content=\"Can Mauri: Descobreix la m\u00e0gia dels cal\u00e7ots a Sabadell, un banquet de tradici\u00f3 A Can Mauri, ens enorgullim d\u2019adaptar-nos a totes les situacions i oferir diversos men\u00fas, on \u00e9s possible escollir entre diferents propostes culin\u00e0ries per delectar tots els paladars en un espai \u00fanic. Sabeu que els nostres plats s\u00f3n amb productes de temporada i de proximitat, i com noRead more\" \/>\n<meta property=\"og:url\" content=\"https:\/\/canmauri.com\/ca\/sabors-de-temporada-can-mauri-i-lexperiencia-inigualable-dels-calcots\/\" \/>\n<meta property=\"og:site_name\" content=\"Can Mauri\" \/>\n<meta property=\"article:published_time\" content=\"2024-02-09T09:08:05+00:00\" \/>\n<meta property=\"article:modified_time\" content=\"2025-05-20T09:49:17+00:00\" \/>\n<meta property=\"og:image\" content=\"https:\/\/canmauri.com\/wp-content\/uploads\/2024\/02\/calcots-Sabadell.jpg\" \/>\n\t<meta property=\"og:image:width\" content=\"2000\" \/>\n\t<meta property=\"og:image:height\" content=\"1414\" \/>\n\t<meta property=\"og:image:type\" content=\"image\/jpeg\" \/>\n<meta name=\"author\" content=\"Administradores\" \/>\n<meta name=\"twitter:card\" content=\"summary_large_image\" \/>\n<meta name=\"twitter:label1\" content=\"Escrit per\" \/>\n\t<meta name=\"twitter:data1\" content=\"Administradores\" \/>\n\t<meta name=\"twitter:label2\" content=\"Temps estimat de lectura\" \/>\n\t<meta name=\"twitter:data2\" content=\"4 minuts\" \/>\n<script type=\"application\/ld+json\" class=\"yoast-schema-graph\">{\"@context\":\"https:\/\/schema.org\",\"@graph\":[{\"@type\":\"WebPage\",\"@id\":\"https:\/\/canmauri.com\/ca\/sabors-de-temporada-can-mauri-i-lexperiencia-inigualable-dels-calcots\/\",\"url\":\"https:\/\/canmauri.com\/ca\/sabors-de-temporada-can-mauri-i-lexperiencia-inigualable-dels-calcots\/\",\"name\":\"Sabors de temporada: Can Mauri i l\u2019experi\u00e8ncia inigualable dels cal\u00e7ots - Can Mauri\",\"isPartOf\":{\"@id\":\"https:\/\/canmauri.com\/#website\"},\"primaryImageOfPage\":{\"@id\":\"https:\/\/canmauri.com\/ca\/sabors-de-temporada-can-mauri-i-lexperiencia-inigualable-dels-calcots\/#primaryimage\"},\"image\":{\"@id\":\"https:\/\/canmauri.com\/ca\/sabors-de-temporada-can-mauri-i-lexperiencia-inigualable-dels-calcots\/#primaryimage\"},\"thumbnailUrl\":\"https:\/\/canmauri.com\/wp-content\/uploads\/2024\/02\/calcots-Sabadell.jpg\",\"datePublished\":\"2024-02-09T09:08:05+00:00\",\"dateModified\":\"2025-05-20T09:49:17+00:00\",\"author\":{\"@id\":\"https:\/\/canmauri.com\/#\/schema\/person\/8baffb7080a77a162a8a5f95372b69bd\"},\"breadcrumb\":{\"@id\":\"https:\/\/canmauri.com\/ca\/sabors-de-temporada-can-mauri-i-lexperiencia-inigualable-dels-calcots\/#breadcrumb\"},\"inLanguage\":\"ca\",\"potentialAction\":[{\"@type\":\"ReadAction\",\"target\":[\"https:\/\/canmauri.com\/ca\/sabors-de-temporada-can-mauri-i-lexperiencia-inigualable-dels-calcots\/\"]}]},{\"@type\":\"ImageObject\",\"inLanguage\":\"ca\",\"@id\":\"https:\/\/canmauri.com\/ca\/sabors-de-temporada-can-mauri-i-lexperiencia-inigualable-dels-calcots\/#primaryimage\",\"url\":\"https:\/\/canmauri.com\/wp-content\/uploads\/2024\/02\/calcots-Sabadell.jpg\",\"contentUrl\":\"https:\/\/canmauri.com\/wp-content\/uploads\/2024\/02\/calcots-Sabadell.jpg\",\"width\":2000,\"height\":1414,\"caption\":\"En nuestro restaurante podr\u00e1s comer cal\u00e7ots cerca de Sabadell\"},{\"@type\":\"BreadcrumbList\",\"@id\":\"https:\/\/canmauri.com\/ca\/sabors-de-temporada-can-mauri-i-lexperiencia-inigualable-dels-calcots\/#breadcrumb\",\"itemListElement\":[{\"@type\":\"ListItem\",\"position\":1,\"name\":\"Portada\",\"item\":\"https:\/\/canmauri.com\/ca\/\"},{\"@type\":\"ListItem\",\"position\":2,\"name\":\"Sabors de temporada: Can Mauri i l\u2019experi\u00e8ncia inigualable dels cal\u00e7ots\"}]},{\"@type\":\"WebSite\",\"@id\":\"https:\/\/canmauri.com\/#website\",\"url\":\"https:\/\/canmauri.com\/\",\"name\":\"Can Mauri\",\"description\":\"\",\"potentialAction\":[{\"@type\":\"SearchAction\",\"target\":{\"@type\":\"EntryPoint\",\"urlTemplate\":\"https:\/\/canmauri.com\/?s={search_term_string}\"},\"query-input\":{\"@type\":\"PropertyValueSpecification\",\"valueRequired\":true,\"valueName\":\"search_term_string\"}}],\"inLanguage\":\"ca\"},{\"@type\":\"Person\",\"@id\":\"https:\/\/canmauri.com\/#\/schema\/person\/8baffb7080a77a162a8a5f95372b69bd\",\"name\":\"Administradores\",\"image\":{\"@type\":\"ImageObject\",\"inLanguage\":\"ca\",\"@id\":\"https:\/\/canmauri.com\/#\/schema\/person\/image\/\",\"url\":\"https:\/\/secure.gravatar.com\/avatar\/74706914812c3b473b95a5253410b33d71c50bf5f0d5423532bc0afa617d4316?s=96&d=mm&r=g\",\"contentUrl\":\"https:\/\/secure.gravatar.com\/avatar\/74706914812c3b473b95a5253410b33d71c50bf5f0d5423532bc0afa617d4316?s=96&d=mm&r=g\",\"caption\":\"Administradores\"},\"url\":\"https:\/\/canmauri.com\/ca\/author\/administradores\/\"}]}<\/script>\n<!-- \/ Yoast SEO plugin. -->","yoast_head_json":{"title":"Sabors de temporada: Can Mauri i l\u2019experi\u00e8ncia inigualable dels cal\u00e7ots - Can Mauri","robots":{"index":"index","follow":"follow","max-snippet":"max-snippet:-1","max-image-preview":"max-image-preview:large","max-video-preview":"max-video-preview:-1"},"canonical":"https:\/\/canmauri.com\/ca\/sabors-de-temporada-can-mauri-i-lexperiencia-inigualable-dels-calcots\/","og_locale":"ca_ES","og_type":"article","og_title":"Sabors de temporada: Can Mauri i l\u2019experi\u00e8ncia inigualable dels cal\u00e7ots - Can Mauri","og_description":"Can Mauri: Descobreix la m\u00e0gia dels cal\u00e7ots a Sabadell, un banquet de tradici\u00f3 A Can Mauri, ens enorgullim d\u2019adaptar-nos a totes les situacions i oferir diversos men\u00fas, on \u00e9s possible escollir entre diferents propostes culin\u00e0ries per delectar tots els paladars en un espai \u00fanic. Sabeu que els nostres plats s\u00f3n amb productes de temporada i de proximitat, i com noRead more","og_url":"https:\/\/canmauri.com\/ca\/sabors-de-temporada-can-mauri-i-lexperiencia-inigualable-dels-calcots\/","og_site_name":"Can Mauri","article_published_time":"2024-02-09T09:08:05+00:00","article_modified_time":"2025-05-20T09:49:17+00:00","og_image":[{"width":2000,"height":1414,"url":"https:\/\/canmauri.com\/wp-content\/uploads\/2024\/02\/calcots-Sabadell.jpg","type":"image\/jpeg"}],"author":"Administradores","twitter_card":"summary_large_image","twitter_misc":{"Escrit per":"Administradores","Temps estimat de lectura":"4 minuts"},"schema":{"@context":"https:\/\/schema.org","@graph":[{"@type":"WebPage","@id":"https:\/\/canmauri.com\/ca\/sabors-de-temporada-can-mauri-i-lexperiencia-inigualable-dels-calcots\/","url":"https:\/\/canmauri.com\/ca\/sabors-de-temporada-can-mauri-i-lexperiencia-inigualable-dels-calcots\/","name":"Sabors de temporada: Can Mauri i l\u2019experi\u00e8ncia inigualable dels cal\u00e7ots - Can Mauri","isPartOf":{"@id":"https:\/\/canmauri.com\/#website"},"primaryImageOfPage":{"@id":"https:\/\/canmauri.com\/ca\/sabors-de-temporada-can-mauri-i-lexperiencia-inigualable-dels-calcots\/#primaryimage"},"image":{"@id":"https:\/\/canmauri.com\/ca\/sabors-de-temporada-can-mauri-i-lexperiencia-inigualable-dels-calcots\/#primaryimage"},"thumbnailUrl":"https:\/\/canmauri.com\/wp-content\/uploads\/2024\/02\/calcots-Sabadell.jpg","datePublished":"2024-02-09T09:08:05+00:00","dateModified":"2025-05-20T09:49:17+00:00","author":{"@id":"https:\/\/canmauri.com\/#\/schema\/person\/8baffb7080a77a162a8a5f95372b69bd"},"breadcrumb":{"@id":"https:\/\/canmauri.com\/ca\/sabors-de-temporada-can-mauri-i-lexperiencia-inigualable-dels-calcots\/#breadcrumb"},"inLanguage":"ca","potentialAction":[{"@type":"ReadAction","target":["https:\/\/canmauri.com\/ca\/sabors-de-temporada-can-mauri-i-lexperiencia-inigualable-dels-calcots\/"]}]},{"@type":"ImageObject","inLanguage":"ca","@id":"https:\/\/canmauri.com\/ca\/sabors-de-temporada-can-mauri-i-lexperiencia-inigualable-dels-calcots\/#primaryimage","url":"https:\/\/canmauri.com\/wp-content\/uploads\/2024\/02\/calcots-Sabadell.jpg","contentUrl":"https:\/\/canmauri.com\/wp-content\/uploads\/2024\/02\/calcots-Sabadell.jpg","width":2000,"height":1414,"caption":"En nuestro restaurante podr\u00e1s comer cal\u00e7ots cerca de Sabadell"},{"@type":"BreadcrumbList","@id":"https:\/\/canmauri.com\/ca\/sabors-de-temporada-can-mauri-i-lexperiencia-inigualable-dels-calcots\/#breadcrumb","itemListElement":[{"@type":"ListItem","position":1,"name":"Portada","item":"https:\/\/canmauri.com\/ca\/"},{"@type":"ListItem","position":2,"name":"Sabors de temporada: Can Mauri i l\u2019experi\u00e8ncia inigualable dels cal\u00e7ots"}]},{"@type":"WebSite","@id":"https:\/\/canmauri.com\/#website","url":"https:\/\/canmauri.com\/","name":"Can Mauri","description":"","potentialAction":[{"@type":"SearchAction","target":{"@type":"EntryPoint","urlTemplate":"https:\/\/canmauri.com\/?s={search_term_string}"},"query-input":{"@type":"PropertyValueSpecification","valueRequired":true,"valueName":"search_term_string"}}],"inLanguage":"ca"},{"@type":"Person","@id":"https:\/\/canmauri.com\/#\/schema\/person\/8baffb7080a77a162a8a5f95372b69bd","name":"Administradores","image":{"@type":"ImageObject","inLanguage":"ca","@id":"https:\/\/canmauri.com\/#\/schema\/person\/image\/","url":"https:\/\/secure.gravatar.com\/avatar\/74706914812c3b473b95a5253410b33d71c50bf5f0d5423532bc0afa617d4316?s=96&d=mm&r=g","contentUrl":"https:\/\/secure.gravatar.com\/avatar\/74706914812c3b473b95a5253410b33d71c50bf5f0d5423532bc0afa617d4316?s=96&d=mm&r=g","caption":"Administradores"},"url":"https:\/\/canmauri.com\/ca\/author\/administradores\/"}]}},"_links":{"self":[{"href":"https:\/\/canmauri.com\/ca\/wp-json\/wp\/v2\/posts\/7410","targetHints":{"allow":["GET"]}}],"collection":[{"href":"https:\/\/canmauri.com\/ca\/wp-json\/wp\/v2\/posts"}],"about":[{"href":"https:\/\/canmauri.com\/ca\/wp-json\/wp\/v2\/types\/post"}],"author":[{"embeddable":true,"href":"https:\/\/canmauri.com\/ca\/wp-json\/wp\/v2\/users\/7"}],"replies":[{"embeddable":true,"href":"https:\/\/canmauri.com\/ca\/wp-json\/wp\/v2\/comments?post=7410"}],"version-history":[{"count":2,"href":"https:\/\/canmauri.com\/ca\/wp-json\/wp\/v2\/posts\/7410\/revisions"}],"predecessor-version":[{"id":7412,"href":"https:\/\/canmauri.com\/ca\/wp-json\/wp\/v2\/posts\/7410\/revisions\/7412"}],"wp:featuredmedia":[{"embeddable":true,"href":"https:\/\/canmauri.com\/ca\/wp-json\/wp\/v2\/media\/6652"}],"wp:attachment":[{"href":"https:\/\/canmauri.com\/ca\/wp-json\/wp\/v2\/media?parent=7410"}],"wp:term":[{"taxonomy":"category","embeddable":true,"href":"https:\/\/canmauri.com\/ca\/wp-json\/wp\/v2\/categories?post=7410"},{"taxonomy":"post_tag","embeddable":true,"href":"https:\/\/canmauri.com\/ca\/wp-json\/wp\/v2\/tags?post=7410"}],"curies":[{"name":"wp","href":"https:\/\/api.w.org\/{rel}","templated":true}]}}