{"id":6456,"date":"2023-10-10T10:00:29","date_gmt":"2023-10-10T10:00:29","guid":{"rendered":"https:\/\/canmauri.com\/celebra-tu-comunion-al-aire-libre-en-la-terraza-de-can-mauri-en-sentmenat\/"},"modified":"2025-05-21T09:51:40","modified_gmt":"2025-05-21T07:51:40","slug":"celebra-la-teva-comunio-a-laire-lliure-a-la-terrassa-de-can-mauri-a-sentmenat","status":"publish","type":"post","link":"https:\/\/canmauri.com\/ca\/celebra-la-teva-comunio-a-laire-lliure-a-la-terrassa-de-can-mauri-a-sentmenat\/","title":{"rendered":"Celebra la teva comuni\u00f3 a l\u2019aire lliure a la terrassa de Can Mauri a Sentmenat"},"content":{"rendered":"<p style=\"text-align: justify;\">La comuni\u00f3 del teu \u00e9sser estimat \u00e9s un esdeveniment especial que mereix ser celebrat en un lloc igualment especial. Can Mauri es presenta com el <a href=\"https:\/\/canmauri.com\/menus-comuniones\/\"><strong>restaurant de comunions a Sentmenat<\/strong><\/a> de refer\u00e8ncia, i la seva terrassa a l\u2019aire lliure \u00e9s el lloc perfecte per fer que aquest dia sigui inoblidable.<\/p>\n<p style=\"text-align: justify;\">Can Mauri \u00e9s un restaurant amb m\u00e9s d\u2019una d\u00e8cada d\u2019experi\u00e8ncia en l\u2019organitzaci\u00f3 d\u2019esdeveniments especials. La nostra \u00e0mplia traject\u00f2ria i el comprom\u00eds amb la qualitat i l\u2019atenci\u00f3 personalitzada ens han fet guanyar la confian\u00e7a de nombroses fam\u00edlies com a <strong>restaurant de comunions a Sentmenat<\/strong> i als seus voltants. Com a soci de confian\u00e7a, ens assegurem que cada detall estigui acuradament planificat i executat.<\/p>\n<p style=\"text-align: justify;\">La nostra terrassa \u00e9s un aut\u00e8ntic tresor, especialment dissenyat per convertir la teva comuni\u00f3 en un esdeveniment \u00fanic. Amb vistes panor\u00e0miques a l\u2019exuberant natura que ens envolta, aquesta terrassa a l\u2019aire lliure \u00e9s l\u2019entorn ideal per a una celebraci\u00f3 inoblidable. Imagina la cerim\u00f2nia sota el c\u00e0lid sol, envoltat de la frescor i la bellesa de la natura. Els teus \u00e9ssers estimats i amics gaudiran de la brisa mentre comparteixen rialles i alegria en aquest entorn incomparable.<\/p>\n<p style=\"text-align: justify;\">Al nostre <strong>restaurant de comunions a Sentmenat<\/strong>, sabem que el menjar juga un paper fonamental en la celebraci\u00f3 d\u2019una comuni\u00f3. Els nostres xefs experts es dediquen a crear men\u00fas personalitzats que s\u2019adapten als teus gustos i necessitats. Des de deliciosos aperitius fins a plats principals excepcionals i postres que faran les del\u00edcies de tots els paladars, els nostres men\u00fas estan pensats perqu\u00e8 el menjar sigui un dels punts culminants de la comuni\u00f3. La nostra \u00e0mplia experi\u00e8ncia ens permet oferir una varietat d\u2019opcions culin\u00e0ries que agradaran a comensals de totes les edats.<\/p>\n<p style=\"text-align: justify;\"><img decoding=\"async\" class=\"alignnone wp-image-6451 size-full lazyload\" data-src=\"https:\/\/canmauri.com\/wp-content\/uploads\/2023\/10\/247.png\" alt=\"\" width=\"940\" height=\"788\" data-srcset=\"https:\/\/canmauri.com\/wp-content\/uploads\/2023\/10\/247.png 940w, https:\/\/canmauri.com\/wp-content\/uploads\/2023\/10\/247-300x251.png 300w, https:\/\/canmauri.com\/wp-content\/uploads\/2023\/10\/247-768x644.png 768w, https:\/\/canmauri.com\/wp-content\/uploads\/2023\/10\/247-320x268.png 320w\" data-sizes=\"(max-width: 940px) 100vw, 940px\" src=\"data:image\/svg+xml;base64,PHN2ZyB3aWR0aD0iMSIgaGVpZ2h0PSIxIiB4bWxucz0iaHR0cDovL3d3dy53My5vcmcvMjAwMC9zdmciPjwvc3ZnPg==\" style=\"--smush-placeholder-width: 940px; --smush-placeholder-aspect-ratio: 940\/788;\" \/><\/p>\n<h2 style=\"text-align: justify;\"><strong>Experi\u00e8ncia i comprom\u00eds que marquen la difer\u00e8ncia<\/strong><\/h2>\n<p style=\"text-align: justify;\">L\u2019experi\u00e8ncia \u00e9s un factor fonamental que distingeix Can Mauri. Hem tingut l\u2019honor de formar part de nombroses celebracions de comunions, i cada una d\u2019elles ha estat \u00fanica. El nostre equip expert ent\u00e9n la import\u00e0ncia d\u2019aquest dia i treballa incansablement perqu\u00e8 tot surti perfecte. Des de la planificaci\u00f3 inicial fins a l\u2019execuci\u00f3 de l\u2019esdeveniment, t\u2019oferim la tranquil\u00b7litat de saber que est\u00e0s en mans de professionals compromesos.<\/p>\n<p style=\"text-align: justify;\">Si vols que la teva comuni\u00f3 sigui un esdeveniment inoblidable, Can Mauri \u00e9s l\u2019elecci\u00f3 perfecta. La nostra terrassa ofereix un escenari m\u00e0gic per crear records especials. A m\u00e9s, la nostra \u00e0mplia experi\u00e8ncia i traject\u00f2ria de confian\u00e7a ens avalen. Aix\u00ed doncs, si somies amb una comuni\u00f3 a l\u2019aire lliure a Sentmenat, contacta amb nosaltres avui mateix i permet-nos fer realitat aquest somni a la preciosa terrassa de Can Mauri! Tria el millor <strong>restaurant de comunions a Sentmenat<\/strong> i celebra aquest moment especial de la manera m\u00e9s encantadora possible. Amb Can Mauri, l\u2019experi\u00e8ncia es converteix en records inesborrables.<\/p>\n","protected":false},"excerpt":{"rendered":"<p>La comuni\u00f3 del teu \u00e9sser estimat \u00e9s un esdeveniment especial que mereix ser celebrat en un lloc igualment especial. Can Mauri es presenta com el restaurant de comunions a Sentmenat de refer\u00e8ncia, i la seva terrassa a l\u2019aire lliure \u00e9s el lloc perfecte per fer que aquest dia sigui inoblidable. Can Mauri \u00e9s un restaurant amb m\u00e9s d\u2019una d\u00e8cada d\u2019experi\u00e8ncia<\/p>\n<div class=\"h10\"><\/div>\n<p><a class=\"more-link1\" href=\"https:\/\/canmauri.com\/ca\/celebra-la-teva-comunio-a-laire-lliure-a-la-terrassa-de-can-mauri-a-sentmenat\/\">Read more<\/a><\/p>\n","protected":false},"author":7,"featured_media":6450,"comment_status":"closed","ping_status":"closed","sticky":false,"template":"","format":"standard","meta":{"_vp_format_video_url":"","_vp_image_focal_point":[],"footnotes":""},"categories":[193,4],"tags":[194],"class_list":["post-6456","post","type-post","status-publish","format-standard","has-post-thumbnail","hentry","category-restaurantes-de-comuniones-ca","category-sense-categoria","tag-restaurantes-de-comuniones-ca"],"yoast_head":"<!-- This site is optimized with the Yoast SEO plugin v26.2 - https:\/\/yoast.com\/wordpress\/plugins\/seo\/ -->\n<title>Celebra la teva comuni\u00f3 a l\u2019aire lliure a la terrassa de Can Mauri a Sentmenat - Can Mauri<\/title>\n<meta name=\"robots\" content=\"index, follow, max-snippet:-1, max-image-preview:large, max-video-preview:-1\" \/>\n<link rel=\"canonical\" href=\"https:\/\/canmauri.com\/ca\/celebra-la-teva-comunio-a-laire-lliure-a-la-terrassa-de-can-mauri-a-sentmenat\/\" \/>\n<meta property=\"og:locale\" content=\"ca_ES\" \/>\n<meta property=\"og:type\" content=\"article\" \/>\n<meta property=\"og:title\" content=\"Celebra la teva comuni\u00f3 a l\u2019aire lliure a la terrassa de Can Mauri a Sentmenat - Can Mauri\" \/>\n<meta property=\"og:description\" content=\"La comuni\u00f3 del teu \u00e9sser estimat \u00e9s un esdeveniment especial que mereix ser celebrat en un lloc igualment especial. Can Mauri es presenta com el restaurant de comunions a Sentmenat de refer\u00e8ncia, i la seva terrassa a l\u2019aire lliure \u00e9s el lloc perfecte per fer que aquest dia sigui inoblidable. Can Mauri \u00e9s un restaurant amb m\u00e9s d\u2019una d\u00e8cada d\u2019experi\u00e8nciaRead more\" \/>\n<meta property=\"og:url\" content=\"https:\/\/canmauri.com\/ca\/celebra-la-teva-comunio-a-laire-lliure-a-la-terrassa-de-can-mauri-a-sentmenat\/\" \/>\n<meta property=\"og:site_name\" content=\"Can Mauri\" \/>\n<meta property=\"article:published_time\" content=\"2023-10-10T10:00:29+00:00\" \/>\n<meta property=\"article:modified_time\" content=\"2025-05-21T07:51:40+00:00\" \/>\n<meta property=\"og:image\" content=\"https:\/\/canmauri.com\/wp-content\/uploads\/2023\/10\/246.png\" \/>\n\t<meta property=\"og:image:width\" content=\"940\" \/>\n\t<meta property=\"og:image:height\" content=\"788\" \/>\n\t<meta property=\"og:image:type\" content=\"image\/png\" \/>\n<meta name=\"author\" content=\"Administradores\" \/>\n<meta name=\"twitter:card\" content=\"summary_large_image\" \/>\n<meta name=\"twitter:label1\" content=\"Escrit per\" \/>\n\t<meta name=\"twitter:data1\" content=\"Administradores\" \/>\n\t<meta name=\"twitter:label2\" content=\"Temps estimat de lectura\" \/>\n\t<meta name=\"twitter:data2\" content=\"3 minuts\" \/>\n<script type=\"application\/ld+json\" class=\"yoast-schema-graph\">{\"@context\":\"https:\/\/schema.org\",\"@graph\":[{\"@type\":\"WebPage\",\"@id\":\"https:\/\/canmauri.com\/ca\/celebra-la-teva-comunio-a-laire-lliure-a-la-terrassa-de-can-mauri-a-sentmenat\/\",\"url\":\"https:\/\/canmauri.com\/ca\/celebra-la-teva-comunio-a-laire-lliure-a-la-terrassa-de-can-mauri-a-sentmenat\/\",\"name\":\"Celebra la teva comuni\u00f3 a l\u2019aire lliure a la terrassa de Can Mauri a Sentmenat - Can Mauri\",\"isPartOf\":{\"@id\":\"https:\/\/canmauri.com\/#website\"},\"primaryImageOfPage\":{\"@id\":\"https:\/\/canmauri.com\/ca\/celebra-la-teva-comunio-a-laire-lliure-a-la-terrassa-de-can-mauri-a-sentmenat\/#primaryimage\"},\"image\":{\"@id\":\"https:\/\/canmauri.com\/ca\/celebra-la-teva-comunio-a-laire-lliure-a-la-terrassa-de-can-mauri-a-sentmenat\/#primaryimage\"},\"thumbnailUrl\":\"https:\/\/canmauri.com\/wp-content\/uploads\/2023\/10\/246.png\",\"datePublished\":\"2023-10-10T10:00:29+00:00\",\"dateModified\":\"2025-05-21T07:51:40+00:00\",\"author\":{\"@id\":\"https:\/\/canmauri.com\/#\/schema\/person\/8baffb7080a77a162a8a5f95372b69bd\"},\"breadcrumb\":{\"@id\":\"https:\/\/canmauri.com\/ca\/celebra-la-teva-comunio-a-laire-lliure-a-la-terrassa-de-can-mauri-a-sentmenat\/#breadcrumb\"},\"inLanguage\":\"ca\",\"potentialAction\":[{\"@type\":\"ReadAction\",\"target\":[\"https:\/\/canmauri.com\/ca\/celebra-la-teva-comunio-a-laire-lliure-a-la-terrassa-de-can-mauri-a-sentmenat\/\"]}]},{\"@type\":\"ImageObject\",\"inLanguage\":\"ca\",\"@id\":\"https:\/\/canmauri.com\/ca\/celebra-la-teva-comunio-a-laire-lliure-a-la-terrassa-de-can-mauri-a-sentmenat\/#primaryimage\",\"url\":\"https:\/\/canmauri.com\/wp-content\/uploads\/2023\/10\/246.png\",\"contentUrl\":\"https:\/\/canmauri.com\/wp-content\/uploads\/2023\/10\/246.png\",\"width\":940,\"height\":788},{\"@type\":\"BreadcrumbList\",\"@id\":\"https:\/\/canmauri.com\/ca\/celebra-la-teva-comunio-a-laire-lliure-a-la-terrassa-de-can-mauri-a-sentmenat\/#breadcrumb\",\"itemListElement\":[{\"@type\":\"ListItem\",\"position\":1,\"name\":\"Portada\",\"item\":\"https:\/\/canmauri.com\/ca\/\"},{\"@type\":\"ListItem\",\"position\":2,\"name\":\"Celebra la teva comuni\u00f3 a l\u2019aire lliure a la terrassa de Can Mauri a Sentmenat\"}]},{\"@type\":\"WebSite\",\"@id\":\"https:\/\/canmauri.com\/#website\",\"url\":\"https:\/\/canmauri.com\/\",\"name\":\"Can Mauri\",\"description\":\"\",\"potentialAction\":[{\"@type\":\"SearchAction\",\"target\":{\"@type\":\"EntryPoint\",\"urlTemplate\":\"https:\/\/canmauri.com\/?s={search_term_string}\"},\"query-input\":{\"@type\":\"PropertyValueSpecification\",\"valueRequired\":true,\"valueName\":\"search_term_string\"}}],\"inLanguage\":\"ca\"},{\"@type\":\"Person\",\"@id\":\"https:\/\/canmauri.com\/#\/schema\/person\/8baffb7080a77a162a8a5f95372b69bd\",\"name\":\"Administradores\",\"image\":{\"@type\":\"ImageObject\",\"inLanguage\":\"ca\",\"@id\":\"https:\/\/canmauri.com\/#\/schema\/person\/image\/\",\"url\":\"https:\/\/secure.gravatar.com\/avatar\/74706914812c3b473b95a5253410b33d71c50bf5f0d5423532bc0afa617d4316?s=96&d=mm&r=g\",\"contentUrl\":\"https:\/\/secure.gravatar.com\/avatar\/74706914812c3b473b95a5253410b33d71c50bf5f0d5423532bc0afa617d4316?s=96&d=mm&r=g\",\"caption\":\"Administradores\"},\"url\":\"https:\/\/canmauri.com\/ca\/author\/administradores\/\"}]}<\/script>\n<!-- \/ Yoast SEO plugin. -->","yoast_head_json":{"title":"Celebra la teva comuni\u00f3 a l\u2019aire lliure a la terrassa de Can Mauri a Sentmenat - Can Mauri","robots":{"index":"index","follow":"follow","max-snippet":"max-snippet:-1","max-image-preview":"max-image-preview:large","max-video-preview":"max-video-preview:-1"},"canonical":"https:\/\/canmauri.com\/ca\/celebra-la-teva-comunio-a-laire-lliure-a-la-terrassa-de-can-mauri-a-sentmenat\/","og_locale":"ca_ES","og_type":"article","og_title":"Celebra la teva comuni\u00f3 a l\u2019aire lliure a la terrassa de Can Mauri a Sentmenat - Can Mauri","og_description":"La comuni\u00f3 del teu \u00e9sser estimat \u00e9s un esdeveniment especial que mereix ser celebrat en un lloc igualment especial. Can Mauri es presenta com el restaurant de comunions a Sentmenat de refer\u00e8ncia, i la seva terrassa a l\u2019aire lliure \u00e9s el lloc perfecte per fer que aquest dia sigui inoblidable. Can Mauri \u00e9s un restaurant amb m\u00e9s d\u2019una d\u00e8cada d\u2019experi\u00e8nciaRead more","og_url":"https:\/\/canmauri.com\/ca\/celebra-la-teva-comunio-a-laire-lliure-a-la-terrassa-de-can-mauri-a-sentmenat\/","og_site_name":"Can Mauri","article_published_time":"2023-10-10T10:00:29+00:00","article_modified_time":"2025-05-21T07:51:40+00:00","og_image":[{"width":940,"height":788,"url":"https:\/\/canmauri.com\/wp-content\/uploads\/2023\/10\/246.png","type":"image\/png"}],"author":"Administradores","twitter_card":"summary_large_image","twitter_misc":{"Escrit per":"Administradores","Temps estimat de lectura":"3 minuts"},"schema":{"@context":"https:\/\/schema.org","@graph":[{"@type":"WebPage","@id":"https:\/\/canmauri.com\/ca\/celebra-la-teva-comunio-a-laire-lliure-a-la-terrassa-de-can-mauri-a-sentmenat\/","url":"https:\/\/canmauri.com\/ca\/celebra-la-teva-comunio-a-laire-lliure-a-la-terrassa-de-can-mauri-a-sentmenat\/","name":"Celebra la teva comuni\u00f3 a l\u2019aire lliure a la terrassa de Can Mauri a Sentmenat - Can Mauri","isPartOf":{"@id":"https:\/\/canmauri.com\/#website"},"primaryImageOfPage":{"@id":"https:\/\/canmauri.com\/ca\/celebra-la-teva-comunio-a-laire-lliure-a-la-terrassa-de-can-mauri-a-sentmenat\/#primaryimage"},"image":{"@id":"https:\/\/canmauri.com\/ca\/celebra-la-teva-comunio-a-laire-lliure-a-la-terrassa-de-can-mauri-a-sentmenat\/#primaryimage"},"thumbnailUrl":"https:\/\/canmauri.com\/wp-content\/uploads\/2023\/10\/246.png","datePublished":"2023-10-10T10:00:29+00:00","dateModified":"2025-05-21T07:51:40+00:00","author":{"@id":"https:\/\/canmauri.com\/#\/schema\/person\/8baffb7080a77a162a8a5f95372b69bd"},"breadcrumb":{"@id":"https:\/\/canmauri.com\/ca\/celebra-la-teva-comunio-a-laire-lliure-a-la-terrassa-de-can-mauri-a-sentmenat\/#breadcrumb"},"inLanguage":"ca","potentialAction":[{"@type":"ReadAction","target":["https:\/\/canmauri.com\/ca\/celebra-la-teva-comunio-a-laire-lliure-a-la-terrassa-de-can-mauri-a-sentmenat\/"]}]},{"@type":"ImageObject","inLanguage":"ca","@id":"https:\/\/canmauri.com\/ca\/celebra-la-teva-comunio-a-laire-lliure-a-la-terrassa-de-can-mauri-a-sentmenat\/#primaryimage","url":"https:\/\/canmauri.com\/wp-content\/uploads\/2023\/10\/246.png","contentUrl":"https:\/\/canmauri.com\/wp-content\/uploads\/2023\/10\/246.png","width":940,"height":788},{"@type":"BreadcrumbList","@id":"https:\/\/canmauri.com\/ca\/celebra-la-teva-comunio-a-laire-lliure-a-la-terrassa-de-can-mauri-a-sentmenat\/#breadcrumb","itemListElement":[{"@type":"ListItem","position":1,"name":"Portada","item":"https:\/\/canmauri.com\/ca\/"},{"@type":"ListItem","position":2,"name":"Celebra la teva comuni\u00f3 a l\u2019aire lliure a la terrassa de Can Mauri a Sentmenat"}]},{"@type":"WebSite","@id":"https:\/\/canmauri.com\/#website","url":"https:\/\/canmauri.com\/","name":"Can Mauri","description":"","potentialAction":[{"@type":"SearchAction","target":{"@type":"EntryPoint","urlTemplate":"https:\/\/canmauri.com\/?s={search_term_string}"},"query-input":{"@type":"PropertyValueSpecification","valueRequired":true,"valueName":"search_term_string"}}],"inLanguage":"ca"},{"@type":"Person","@id":"https:\/\/canmauri.com\/#\/schema\/person\/8baffb7080a77a162a8a5f95372b69bd","name":"Administradores","image":{"@type":"ImageObject","inLanguage":"ca","@id":"https:\/\/canmauri.com\/#\/schema\/person\/image\/","url":"https:\/\/secure.gravatar.com\/avatar\/74706914812c3b473b95a5253410b33d71c50bf5f0d5423532bc0afa617d4316?s=96&d=mm&r=g","contentUrl":"https:\/\/secure.gravatar.com\/avatar\/74706914812c3b473b95a5253410b33d71c50bf5f0d5423532bc0afa617d4316?s=96&d=mm&r=g","caption":"Administradores"},"url":"https:\/\/canmauri.com\/ca\/author\/administradores\/"}]}},"_links":{"self":[{"href":"https:\/\/canmauri.com\/ca\/wp-json\/wp\/v2\/posts\/6456","targetHints":{"allow":["GET"]}}],"collection":[{"href":"https:\/\/canmauri.com\/ca\/wp-json\/wp\/v2\/posts"}],"about":[{"href":"https:\/\/canmauri.com\/ca\/wp-json\/wp\/v2\/types\/post"}],"author":[{"embeddable":true,"href":"https:\/\/canmauri.com\/ca\/wp-json\/wp\/v2\/users\/7"}],"replies":[{"embeddable":true,"href":"https:\/\/canmauri.com\/ca\/wp-json\/wp\/v2\/comments?post=6456"}],"version-history":[{"count":3,"href":"https:\/\/canmauri.com\/ca\/wp-json\/wp\/v2\/posts\/6456\/revisions"}],"predecessor-version":[{"id":7448,"href":"https:\/\/canmauri.com\/ca\/wp-json\/wp\/v2\/posts\/6456\/revisions\/7448"}],"wp:featuredmedia":[{"embeddable":true,"href":"https:\/\/canmauri.com\/ca\/wp-json\/wp\/v2\/media\/6450"}],"wp:attachment":[{"href":"https:\/\/canmauri.com\/ca\/wp-json\/wp\/v2\/media?parent=6456"}],"wp:term":[{"taxonomy":"category","embeddable":true,"href":"https:\/\/canmauri.com\/ca\/wp-json\/wp\/v2\/categories?post=6456"},{"taxonomy":"post_tag","embeddable":true,"href":"https:\/\/canmauri.com\/ca\/wp-json\/wp\/v2\/tags?post=6456"}],"curies":[{"name":"wp","href":"https:\/\/api.w.org\/{rel}","templated":true}]}}